{"id":2106,"date":"2026-03-02T10:55:16","date_gmt":"2026-03-02T13:55:16","guid":{"rendered":"https:\/\/semanarural.ufrrj.br\/2026\/?p=2106"},"modified":"2026-03-20T14:59:05","modified_gmt":"2026-03-20T17:59:05","slug":"vem-ai-semana-rural-2026-o-maior-evento-academico-da-baixada-fluminense","status":"publish","type":"post","link":"https:\/\/semanarural.ufrrj.br\/2026\/vem-ai-semana-rural-2026-o-maior-evento-academico-da-baixada-fluminense\/","title":{"rendered":"Vem a\u00ed Semana Rural 2026: o maior evento acad\u00eamico da Baixada Fluminense"},"content":{"rendered":"\n<p>Entre os dias 25 e 31 de maio de 2026, a Universidade Federal Rural do Rio de Janeiro (UFRRJ) vai realizar a quarta edi\u00e7\u00e3o da Semana Rural, considerado o maior evento acad\u00eamico da Baixada Fluminense, que acontece no c\u00e2mpus de Serop\u00e9dica e se estende tamb\u00e9m para os c\u00e2mpus de Nova Igua\u00e7u e Tr\u00eas Rios. O evento oferece uma programa\u00e7\u00e3o diversificada, que busca aproximar e fortalecer v\u00ednculos entre a universidade e a popula\u00e7\u00e3o da Baixada e de outras regi\u00f5es do interior do Estado.<\/p>\n\n\n\n<p>A a\u00e7\u00e3o une ci\u00eancia, cultura, lazer e educa\u00e7\u00e3o, com atividades art\u00edsticas, cient\u00edficas, culturais, educativas, esportivas, sociais e tecnol\u00f3gicas numa vasta programa\u00e7\u00e3o gratuita, que inclui o final de semana, e atrai milhares de pessoas \u2013 desde alunos e professores dos Ensinos Fundamental e M\u00e9dio, passando por trabalhadores rurais e urbanos em busca de capacita\u00e7\u00e3o, at\u00e9 fam\u00edlias que procuram um espa\u00e7o acolhedor com atividades de lazer.<\/p>\n\n\n\n<p><strong>Atividades<\/strong><\/p>\n\n\n\n<p>Ser\u00e3o oferecidas diversas atividades: cursos de qualifica\u00e7\u00e3o para trabalhadores rurais e urbanos; mostras art\u00edsticas, cient\u00edficas e culturais; f\u00f3runs t\u00e9cnico-cient\u00edficos; apresenta\u00e7\u00e3o dos cursos t\u00e9cnicos e de gradua\u00e7\u00e3o da UFRRJ; visita educativa a uma minifazenda com v\u00e1rios animais; visita\u00e7\u00e3o aos museus da Universidade; torneios esportivos; leil\u00e3o de animais; feiras; festival de pipas; exposi\u00e7\u00e3o de carros antigos; pra\u00e7a de alimenta\u00e7\u00e3o, shows musicais e muito mais.<\/p>\n\n\n\n<p>O Circuito Escolar, que faz parte da programa\u00e7\u00e3o tradicional do evento, consiste em diversas atividades direcionadas aos estudantes, tais como: visita educativa a uma minifazenda instalada em frente ao pr\u00e9dio principal do c\u00e2mpus Serop\u00e9dica da UFRRJ; mostra dos cursos t\u00e9cnicos e de gradua\u00e7\u00e3o oferecidos pela Universidade; apresenta\u00e7\u00f5es art\u00edsticas, cient\u00edficas e culturais; visita\u00e7\u00e3o aos museus e pr\u00e9dios hist\u00f3ricos da Universidade, dentre outras. Neste ano, a a\u00e7\u00e3o ocorre entre os dias 25 e 28 de maio de 2026. As inscri\u00e7\u00f5es de escolas interessadas em participar podem ser realizadas pelo e-mail <a href=\"mailto:semanarural@ufrrj.br\">semanarural@ufrrj.br<\/a><\/p>\n\n\n\n<p>O evento acontece simultaneamente nos c\u00e2mpus de Nova Igua\u00e7u, Tr\u00eas Rios e Serop\u00e9dica. A programa\u00e7\u00e3o \u00e9 diferente em cada c\u00e2mpus e estar\u00e1 dispon\u00edvel em breve no site oficial do evento.<\/p>\n\n\n\n<p>Todas as atividades programadas s\u00e3o gratuitas e abertas a todos os p\u00fablicos \u2013 de dentro ou de fora da Universidade! Traga sua fam\u00edlia, seus alunos e amigos. Venha se divertir e aprender na UFRRJ!<\/p>\n\n\n\n<p>Acompanhe a p\u00e1gina oficial do evento: www.semanarural.ufrrj.br e o nosso Instagram @ufrrj.semanarural.<\/p>\n\n\n\n<p><strong>Semana Rural 2025 em n\u00fameros<\/strong><\/p>\n\n\n\n<p>A Semana Rural 2025 bateu todos os recordes de envolvimento da comunidade universit\u00e1ria com o evento. Foram 402 a\u00e7\u00f5es de extens\u00e3o cadastradas, incluindo oficinas, minicursos e a\u00e7\u00f5es diversas.<\/p>\n\n\n\n<p>J\u00e1 em rela\u00e7\u00e3o ao envolvimento do&nbsp;p\u00fablico externo&nbsp;com as a\u00e7\u00f5es de extens\u00e3o propostas, foram&nbsp;mais de 25.000 pessoas atendidas em a\u00e7\u00f5es diversas&nbsp;e&nbsp;cerca de 3.000 pessoas beneficiadas com oficinas e minicursos.<\/p>\n\n\n\n<p>O Circuito Escolar, voltado para alunos de escolas de Ensino Fundamental e M\u00e9dio, \u00e9 uma das atividades mais bem-sucedidas da Semana Rural. A cada edi\u00e7\u00e3o, um n\u00famero maior de alunos e professores de escolas p\u00fablicas e particulares participam. Em 2025, foram&nbsp;cerca de 6.000 estudantes de Ensino Fundamental e M\u00e9dio de mais de 100 escolas p\u00fablicas e particulares&nbsp;participando, incluindo os&nbsp;jogos esportivos&nbsp;dos c\u00e2mpus Serop\u00e9dica e Tr\u00eas Rios, e o&nbsp;CTUR de Portas Abertas, que conduziu visitas guiadas pelas \u00e1reas do Col\u00e9gio T\u00e9cnico da UFRRJ.<\/p>\n\n\n\n<p>No&nbsp;c\u00e2mpus Tr\u00eas Rios, o&nbsp;Circuito Escolar&nbsp;teve a participa\u00e7\u00e3o de&nbsp;cerca de 1.100 visitantes&nbsp;e incluiu um dia de visita ao&nbsp;Bosque da Ci\u00eancia.<\/p>\n\n\n\n<p>A&nbsp;minifazenda&nbsp;montada na frente do Pr\u00e9dio Principal (P1), c\u00e2mpus Serop\u00e9dica, foi um sucesso entre crian\u00e7as, adolescentes, adultos e idosos, sendo uma das atra\u00e7\u00f5es mais visitadas na Semana Rural, registrando 15.421 visitantes.<\/p>\n\n\n\n<p>Durante o fim de semana, quando a UFRRJ recebe o maior n\u00famero de visitantes da Semana Rural \u2013 20.000 pessoas no s\u00e1bado e 45.000 no domingo -, cerca de&nbsp;350 ciclistas&nbsp;participaram, logo pela manh\u00e3, da&nbsp;Pedalada Rural. O programa foi pensado para ser uma experi\u00eancia familiar e educativa, com um circuito cicl\u00edstico pelo c\u00e2mpus Serop\u00e9dica e entorno. No mesmo dia, o tradicional encontro de Carros Antigos e Motociclistas&nbsp;reuniu cerca de&nbsp;578 autom\u00f3veis&nbsp;e&nbsp;131 motos&nbsp;que viraram uma grande atra\u00e7\u00e3o no gramado frontal do P1, junto com o&nbsp;Festival de Pipas Gigantes e Art\u00edsticas.<\/p>\n","protected":false},"excerpt":{"rendered":"<p>Entre os dias 25 e 31 de maio de 2026, a Universidade Federal Rural do Rio de Janeiro (UFRRJ) vai realizar a [&hellip;]<\/p>\n","protected":false},"author":7,"featured_media":2107,"comment_status":"closed","ping_status":"closed","sticky":false,"template":"","format":"standard","meta":{"footnotes":""},"categories":[4],"tags":[],"class_list":["post-2106","post","type-post","status-publish","format-standard","has-post-thumbnail","hentry","category-noticia"],"yoast_head":"<!-- This site is optimized with the Yoast SEO plugin v27.2 - https:\/\/yoast.com\/product\/yoast-seo-wordpress\/ -->\n<title>Vem a\u00ed Semana Rural 2026: o maior evento acad\u00eamico da Baixada Fluminense - Semana Rural 2026<\/title>\n<meta name=\"robots\" content=\"index, follow, max-snippet:-1, max-image-preview:large, max-video-preview:-1\" \/>\n<link rel=\"canonical\" href=\"https:\/\/semanarural.ufrrj.br\/2026\/vem-ai-semana-rural-2026-o-maior-evento-academico-da-baixada-fluminense\/\" \/>\n<meta property=\"og:locale\" content=\"pt_BR\" \/>\n<meta property=\"og:type\" content=\"article\" \/>\n<meta property=\"og:title\" content=\"Vem a\u00ed Semana Rural 2026: o maior evento acad\u00eamico da Baixada Fluminense - Semana Rural 2026\" \/>\n<meta property=\"og:description\" content=\"Entre os dias 25 e 31 de maio de 2026, a Universidade Federal Rural do Rio de Janeiro (UFRRJ) vai realizar a [&hellip;]\" \/>\n<meta property=\"og:url\" content=\"https:\/\/semanarural.ufrrj.br\/2026\/vem-ai-semana-rural-2026-o-maior-evento-academico-da-baixada-fluminense\/\" \/>\n<meta property=\"og:site_name\" content=\"Semana Rural 2026\" \/>\n<meta property=\"article:publisher\" content=\"https:\/\/www.facebook.com\/profile.php?id=100092434855415\" \/>\n<meta property=\"article:published_time\" content=\"2026-03-02T13:55:16+00:00\" \/>\n<meta property=\"article:modified_time\" content=\"2026-03-20T17:59:05+00:00\" \/>\n<meta property=\"og:image\" content=\"https:\/\/semanarural.ufrrj.br\/2026\/wp-content\/uploads\/sites\/5\/2026\/03\/semana_rural2026_cor_V_azul.png\" \/>\n\t<meta property=\"og:image:width\" content=\"1182\" \/>\n\t<meta property=\"og:image:height\" content=\"1182\" \/>\n\t<meta property=\"og:image:type\" content=\"image\/png\" \/>\n<meta name=\"author\" content=\"luciano\" \/>\n<meta name=\"twitter:card\" content=\"summary_large_image\" \/>\n<meta name=\"twitter:label1\" content=\"Escrito por\" \/>\n\t<meta name=\"twitter:data1\" content=\"luciano\" \/>\n\t<meta name=\"twitter:label2\" content=\"Est. tempo de leitura\" \/>\n\t<meta name=\"twitter:data2\" content=\"4 minutos\" \/>\n<script type=\"application\/ld+json\" class=\"yoast-schema-graph\">{\"@context\":\"https:\/\/schema.org\",\"@graph\":[{\"@type\":\"Article\",\"@id\":\"https:\/\/semanarural.ufrrj.br\/2026\/vem-ai-semana-rural-2026-o-maior-evento-academico-da-baixada-fluminense\/#article\",\"isPartOf\":{\"@id\":\"https:\/\/semanarural.ufrrj.br\/2026\/vem-ai-semana-rural-2026-o-maior-evento-academico-da-baixada-fluminense\/\"},\"author\":{\"name\":\"luciano\",\"@id\":\"https:\/\/semanarural.ufrrj.br\/2026\/#\/schema\/person\/1511e0a5ead5f0157428b1ac30609e1b\"},\"headline\":\"Vem a\u00ed Semana Rural 2026: o maior evento acad\u00eamico da Baixada Fluminense\",\"datePublished\":\"2026-03-02T13:55:16+00:00\",\"dateModified\":\"2026-03-20T17:59:05+00:00\",\"mainEntityOfPage\":{\"@id\":\"https:\/\/semanarural.ufrrj.br\/2026\/vem-ai-semana-rural-2026-o-maior-evento-academico-da-baixada-fluminense\/\"},\"wordCount\":801,\"image\":{\"@id\":\"https:\/\/semanarural.ufrrj.br\/2026\/vem-ai-semana-rural-2026-o-maior-evento-academico-da-baixada-fluminense\/#primaryimage\"},\"thumbnailUrl\":\"https:\/\/semanarural.ufrrj.br\/2026\/wp-content\/uploads\/sites\/5\/2026\/03\/semana_rural2026_cor_V_azul.png\",\"articleSection\":[\"Not\u00edcia\"],\"inLanguage\":\"pt-BR\"},{\"@type\":\"WebPage\",\"@id\":\"https:\/\/semanarural.ufrrj.br\/2026\/vem-ai-semana-rural-2026-o-maior-evento-academico-da-baixada-fluminense\/\",\"url\":\"https:\/\/semanarural.ufrrj.br\/2026\/vem-ai-semana-rural-2026-o-maior-evento-academico-da-baixada-fluminense\/\",\"name\":\"Vem a\u00ed Semana Rural 2026: o maior evento acad\u00eamico da Baixada Fluminense - Semana Rural 2026\",\"isPartOf\":{\"@id\":\"https:\/\/semanarural.ufrrj.br\/2026\/#website\"},\"primaryImageOfPage\":{\"@id\":\"https:\/\/semanarural.ufrrj.br\/2026\/vem-ai-semana-rural-2026-o-maior-evento-academico-da-baixada-fluminense\/#primaryimage\"},\"image\":{\"@id\":\"https:\/\/semanarural.ufrrj.br\/2026\/vem-ai-semana-rural-2026-o-maior-evento-academico-da-baixada-fluminense\/#primaryimage\"},\"thumbnailUrl\":\"https:\/\/semanarural.ufrrj.br\/2026\/wp-content\/uploads\/sites\/5\/2026\/03\/semana_rural2026_cor_V_azul.png\",\"datePublished\":\"2026-03-02T13:55:16+00:00\",\"dateModified\":\"2026-03-20T17:59:05+00:00\",\"author\":{\"@id\":\"https:\/\/semanarural.ufrrj.br\/2026\/#\/schema\/person\/1511e0a5ead5f0157428b1ac30609e1b\"},\"breadcrumb\":{\"@id\":\"https:\/\/semanarural.ufrrj.br\/2026\/vem-ai-semana-rural-2026-o-maior-evento-academico-da-baixada-fluminense\/#breadcrumb\"},\"inLanguage\":\"pt-BR\",\"potentialAction\":[{\"@type\":\"ReadAction\",\"target\":[\"https:\/\/semanarural.ufrrj.br\/2026\/vem-ai-semana-rural-2026-o-maior-evento-academico-da-baixada-fluminense\/\"]}]},{\"@type\":\"ImageObject\",\"inLanguage\":\"pt-BR\",\"@id\":\"https:\/\/semanarural.ufrrj.br\/2026\/vem-ai-semana-rural-2026-o-maior-evento-academico-da-baixada-fluminense\/#primaryimage\",\"url\":\"https:\/\/semanarural.ufrrj.br\/2026\/wp-content\/uploads\/sites\/5\/2026\/03\/semana_rural2026_cor_V_azul.png\",\"contentUrl\":\"https:\/\/semanarural.ufrrj.br\/2026\/wp-content\/uploads\/sites\/5\/2026\/03\/semana_rural2026_cor_V_azul.png\",\"width\":1182,\"height\":1182},{\"@type\":\"BreadcrumbList\",\"@id\":\"https:\/\/semanarural.ufrrj.br\/2026\/vem-ai-semana-rural-2026-o-maior-evento-academico-da-baixada-fluminense\/#breadcrumb\",\"itemListElement\":[{\"@type\":\"ListItem\",\"position\":1,\"name\":\"In\u00edcio\",\"item\":\"https:\/\/semanarural.ufrrj.br\/2026\/\"},{\"@type\":\"ListItem\",\"position\":2,\"name\":\"Vem a\u00ed Semana Rural 2026: o maior evento acad\u00eamico da Baixada Fluminense\"}]},{\"@type\":\"WebSite\",\"@id\":\"https:\/\/semanarural.ufrrj.br\/2026\/#website\",\"url\":\"https:\/\/semanarural.ufrrj.br\/2026\/\",\"name\":\"Semana Rural 2026\",\"description\":\"\",\"potentialAction\":[{\"@type\":\"SearchAction\",\"target\":{\"@type\":\"EntryPoint\",\"urlTemplate\":\"https:\/\/semanarural.ufrrj.br\/2026\/?s={search_term_string}\"},\"query-input\":{\"@type\":\"PropertyValueSpecification\",\"valueRequired\":true,\"valueName\":\"search_term_string\"}}],\"inLanguage\":\"pt-BR\"},{\"@type\":\"Person\",\"@id\":\"https:\/\/semanarural.ufrrj.br\/2026\/#\/schema\/person\/1511e0a5ead5f0157428b1ac30609e1b\",\"name\":\"luciano\",\"image\":{\"@type\":\"ImageObject\",\"inLanguage\":\"pt-BR\",\"@id\":\"https:\/\/secure.gravatar.com\/avatar\/4d91bb9da74b689f9be56e08d37d67fc90a69164942e16656bd9fd7acd8fff23?s=96&d=mm&r=g\",\"url\":\"https:\/\/secure.gravatar.com\/avatar\/4d91bb9da74b689f9be56e08d37d67fc90a69164942e16656bd9fd7acd8fff23?s=96&d=mm&r=g\",\"contentUrl\":\"https:\/\/secure.gravatar.com\/avatar\/4d91bb9da74b689f9be56e08d37d67fc90a69164942e16656bd9fd7acd8fff23?s=96&d=mm&r=g\",\"caption\":\"luciano\"},\"url\":\"https:\/\/semanarural.ufrrj.br\/2026\/author\/luciano\/\"}]}<\/script>\n<!-- \/ Yoast SEO plugin. -->","yoast_head_json":{"title":"Vem a\u00ed Semana Rural 2026: o maior evento acad\u00eamico da Baixada Fluminense - Semana Rural 2026","robots":{"index":"index","follow":"follow","max-snippet":"max-snippet:-1","max-image-preview":"max-image-preview:large","max-video-preview":"max-video-preview:-1"},"canonical":"https:\/\/semanarural.ufrrj.br\/2026\/vem-ai-semana-rural-2026-o-maior-evento-academico-da-baixada-fluminense\/","og_locale":"pt_BR","og_type":"article","og_title":"Vem a\u00ed Semana Rural 2026: o maior evento acad\u00eamico da Baixada Fluminense - Semana Rural 2026","og_description":"Entre os dias 25 e 31 de maio de 2026, a Universidade Federal Rural do Rio de Janeiro (UFRRJ) vai realizar a [&hellip;]","og_url":"https:\/\/semanarural.ufrrj.br\/2026\/vem-ai-semana-rural-2026-o-maior-evento-academico-da-baixada-fluminense\/","og_site_name":"Semana Rural 2026","article_publisher":"https:\/\/www.facebook.com\/profile.php?id=100092434855415","article_published_time":"2026-03-02T13:55:16+00:00","article_modified_time":"2026-03-20T17:59:05+00:00","og_image":[{"width":1182,"height":1182,"url":"https:\/\/semanarural.ufrrj.br\/2026\/wp-content\/uploads\/sites\/5\/2026\/03\/semana_rural2026_cor_V_azul.png","type":"image\/png"}],"author":"luciano","twitter_card":"summary_large_image","twitter_misc":{"Escrito por":"luciano","Est. tempo de leitura":"4 minutos"},"schema":{"@context":"https:\/\/schema.org","@graph":[{"@type":"Article","@id":"https:\/\/semanarural.ufrrj.br\/2026\/vem-ai-semana-rural-2026-o-maior-evento-academico-da-baixada-fluminense\/#article","isPartOf":{"@id":"https:\/\/semanarural.ufrrj.br\/2026\/vem-ai-semana-rural-2026-o-maior-evento-academico-da-baixada-fluminense\/"},"author":{"name":"luciano","@id":"https:\/\/semanarural.ufrrj.br\/2026\/#\/schema\/person\/1511e0a5ead5f0157428b1ac30609e1b"},"headline":"Vem a\u00ed Semana Rural 2026: o maior evento acad\u00eamico da Baixada Fluminense","datePublished":"2026-03-02T13:55:16+00:00","dateModified":"2026-03-20T17:59:05+00:00","mainEntityOfPage":{"@id":"https:\/\/semanarural.ufrrj.br\/2026\/vem-ai-semana-rural-2026-o-maior-evento-academico-da-baixada-fluminense\/"},"wordCount":801,"image":{"@id":"https:\/\/semanarural.ufrrj.br\/2026\/vem-ai-semana-rural-2026-o-maior-evento-academico-da-baixada-fluminense\/#primaryimage"},"thumbnailUrl":"https:\/\/semanarural.ufrrj.br\/2026\/wp-content\/uploads\/sites\/5\/2026\/03\/semana_rural2026_cor_V_azul.png","articleSection":["Not\u00edcia"],"inLanguage":"pt-BR"},{"@type":"WebPage","@id":"https:\/\/semanarural.ufrrj.br\/2026\/vem-ai-semana-rural-2026-o-maior-evento-academico-da-baixada-fluminense\/","url":"https:\/\/semanarural.ufrrj.br\/2026\/vem-ai-semana-rural-2026-o-maior-evento-academico-da-baixada-fluminense\/","name":"Vem a\u00ed Semana Rural 2026: o maior evento acad\u00eamico da Baixada Fluminense - Semana Rural 2026","isPartOf":{"@id":"https:\/\/semanarural.ufrrj.br\/2026\/#website"},"primaryImageOfPage":{"@id":"https:\/\/semanarural.ufrrj.br\/2026\/vem-ai-semana-rural-2026-o-maior-evento-academico-da-baixada-fluminense\/#primaryimage"},"image":{"@id":"https:\/\/semanarural.ufrrj.br\/2026\/vem-ai-semana-rural-2026-o-maior-evento-academico-da-baixada-fluminense\/#primaryimage"},"thumbnailUrl":"https:\/\/semanarural.ufrrj.br\/2026\/wp-content\/uploads\/sites\/5\/2026\/03\/semana_rural2026_cor_V_azul.png","datePublished":"2026-03-02T13:55:16+00:00","dateModified":"2026-03-20T17:59:05+00:00","author":{"@id":"https:\/\/semanarural.ufrrj.br\/2026\/#\/schema\/person\/1511e0a5ead5f0157428b1ac30609e1b"},"breadcrumb":{"@id":"https:\/\/semanarural.ufrrj.br\/2026\/vem-ai-semana-rural-2026-o-maior-evento-academico-da-baixada-fluminense\/#breadcrumb"},"inLanguage":"pt-BR","potentialAction":[{"@type":"ReadAction","target":["https:\/\/semanarural.ufrrj.br\/2026\/vem-ai-semana-rural-2026-o-maior-evento-academico-da-baixada-fluminense\/"]}]},{"@type":"ImageObject","inLanguage":"pt-BR","@id":"https:\/\/semanarural.ufrrj.br\/2026\/vem-ai-semana-rural-2026-o-maior-evento-academico-da-baixada-fluminense\/#primaryimage","url":"https:\/\/semanarural.ufrrj.br\/2026\/wp-content\/uploads\/sites\/5\/2026\/03\/semana_rural2026_cor_V_azul.png","contentUrl":"https:\/\/semanarural.ufrrj.br\/2026\/wp-content\/uploads\/sites\/5\/2026\/03\/semana_rural2026_cor_V_azul.png","width":1182,"height":1182},{"@type":"BreadcrumbList","@id":"https:\/\/semanarural.ufrrj.br\/2026\/vem-ai-semana-rural-2026-o-maior-evento-academico-da-baixada-fluminense\/#breadcrumb","itemListElement":[{"@type":"ListItem","position":1,"name":"In\u00edcio","item":"https:\/\/semanarural.ufrrj.br\/2026\/"},{"@type":"ListItem","position":2,"name":"Vem a\u00ed Semana Rural 2026: o maior evento acad\u00eamico da Baixada Fluminense"}]},{"@type":"WebSite","@id":"https:\/\/semanarural.ufrrj.br\/2026\/#website","url":"https:\/\/semanarural.ufrrj.br\/2026\/","name":"Semana Rural 2026","description":"","potentialAction":[{"@type":"SearchAction","target":{"@type":"EntryPoint","urlTemplate":"https:\/\/semanarural.ufrrj.br\/2026\/?s={search_term_string}"},"query-input":{"@type":"PropertyValueSpecification","valueRequired":true,"valueName":"search_term_string"}}],"inLanguage":"pt-BR"},{"@type":"Person","@id":"https:\/\/semanarural.ufrrj.br\/2026\/#\/schema\/person\/1511e0a5ead5f0157428b1ac30609e1b","name":"luciano","image":{"@type":"ImageObject","inLanguage":"pt-BR","@id":"https:\/\/secure.gravatar.com\/avatar\/4d91bb9da74b689f9be56e08d37d67fc90a69164942e16656bd9fd7acd8fff23?s=96&d=mm&r=g","url":"https:\/\/secure.gravatar.com\/avatar\/4d91bb9da74b689f9be56e08d37d67fc90a69164942e16656bd9fd7acd8fff23?s=96&d=mm&r=g","contentUrl":"https:\/\/secure.gravatar.com\/avatar\/4d91bb9da74b689f9be56e08d37d67fc90a69164942e16656bd9fd7acd8fff23?s=96&d=mm&r=g","caption":"luciano"},"url":"https:\/\/semanarural.ufrrj.br\/2026\/author\/luciano\/"}]}},"_links":{"self":[{"href":"https:\/\/semanarural.ufrrj.br\/2026\/wp-json\/wp\/v2\/posts\/2106","targetHints":{"allow":["GET"]}}],"collection":[{"href":"https:\/\/semanarural.ufrrj.br\/2026\/wp-json\/wp\/v2\/posts"}],"about":[{"href":"https:\/\/semanarural.ufrrj.br\/2026\/wp-json\/wp\/v2\/types\/post"}],"author":[{"embeddable":true,"href":"https:\/\/semanarural.ufrrj.br\/2026\/wp-json\/wp\/v2\/users\/7"}],"replies":[{"embeddable":true,"href":"https:\/\/semanarural.ufrrj.br\/2026\/wp-json\/wp\/v2\/comments?post=2106"}],"version-history":[{"count":2,"href":"https:\/\/semanarural.ufrrj.br\/2026\/wp-json\/wp\/v2\/posts\/2106\/revisions"}],"predecessor-version":[{"id":2109,"href":"https:\/\/semanarural.ufrrj.br\/2026\/wp-json\/wp\/v2\/posts\/2106\/revisions\/2109"}],"wp:featuredmedia":[{"embeddable":true,"href":"https:\/\/semanarural.ufrrj.br\/2026\/wp-json\/wp\/v2\/media\/2107"}],"wp:attachment":[{"href":"https:\/\/semanarural.ufrrj.br\/2026\/wp-json\/wp\/v2\/media?parent=2106"}],"wp:term":[{"taxonomy":"category","embeddable":true,"href":"https:\/\/semanarural.ufrrj.br\/2026\/wp-json\/wp\/v2\/categories?post=2106"},{"taxonomy":"post_tag","embeddable":true,"href":"https:\/\/semanarural.ufrrj.br\/2026\/wp-json\/wp\/v2\/tags?post=2106"}],"curies":[{"name":"wp","href":"https:\/\/api.w.org\/{rel}","templated":true}]}}