{"id":2110,"date":"2026-03-04T09:44:57","date_gmt":"2026-03-04T12:44:57","guid":{"rendered":"https:\/\/semanarural.ufrrj.br\/2026\/?p=2110"},"modified":"2026-03-20T14:59:05","modified_gmt":"2026-03-20T17:59:05","slug":"edital-para-submissao-de-propostas-na-semana-rural-2026","status":"publish","type":"post","link":"https:\/\/semanarural.ufrrj.br\/2026\/edital-para-submissao-de-propostas-na-semana-rural-2026\/","title":{"rendered":"Edital para submiss\u00e3o de propostas na Semana Rural 2026"},"content":{"rendered":"\n<p>A Pr\u00f3-Reitoria de Extens\u00e3o da UFRRJ torna p\u00fablico o <a href=\"https:\/\/semanarural.ufrrj.br\/2026\/documentos\/\" id=\"454\">Edital PROEXT n\u00ba 68\/2025<\/a>, que estabelece as normas e os procedimentos para inscri\u00e7\u00e3o, sele\u00e7\u00e3o e classifica\u00e7\u00e3o de propostas de a\u00e7\u00f5es de extens\u00e3o a serem realizadas durante a Semana Rural 2026.<\/p>\n\n\n\n<p>O evento ocorrer\u00e1 entre 25 e 31 de maio de 2026, em todos os c\u00e2mpus da Universidade.<\/p>\n\n\n\n<p>Ser\u00e3o aceitas propostas de servidores docentes e t\u00e9cnico-administrativos do CTUR e da UFRRJ e de membros externos de \u00f3rg\u00e3os p\u00fablicos e privados \u2013 como EMATER, EMBRAPA, FIPERJ e outros \u2013, desde que devidamente qualificados e em parceria com servidores da UFRRJ, os quais devem cadastrar as a\u00e7\u00f5es de extens\u00e3o no SIGAA.<\/p>\n\n\n\n<p>As a\u00e7\u00f5es podem ser cadastradas nas modalidades:&nbsp; oficina, minicurso e eventos. &nbsp;Conhe\u00e7a as diferen\u00e7as entre cada modalidade!<\/p>\n\n\n\n<p><strong>Oficinas e minicursos<\/strong><\/p>\n\n\n\n<p>A modalidade oficina \u00e9 definida como curso de curta dura\u00e7\u00e3o de car\u00e1ter pr\u00e1tico, com carga hor\u00e1ria de 4 horas, j\u00e1 o minicurso possui carga hor\u00e1ria de 8 horas. As oficinas e minicursos t\u00eam como p\u00fablico priorit\u00e1rio os trabalhadores rurais e\/ou urbanos. Cada oficina ou minicurso dever\u00e1 disponibilizar, no m\u00e1ximo, 25 vagas.<\/p>\n\n\n\n<p><strong>&nbsp;Especificidades das propostas de Oficinas e Minicursos<\/strong><\/p>\n\n\n\n<p>As oficinas e os minicursos ser\u00e3o ofertados no per\u00edodo de 25 a 29 de maio em todos os c\u00e2mpus e depend\u00eancias da UFRRJ: laborat\u00f3rios, setores de produ\u00e7\u00e3o animal e vegetal, Fazendinha Agroecol\u00f3gica, Pra\u00e7a de Esportes, Hospital Veterin\u00e1rio, Hotel Escola, salas de aula, entre outros. As inscri\u00e7\u00f5es nas oficinas e minicursos n\u00e3o podem ser condicionadas a um grau de escolaridade e\/ou a uma forma\u00e7\u00e3o espec\u00edfica de n\u00edvel superior.<\/p>\n\n\n\n<p>Caso o proponente vislumbre uma demanda maior do que 25 participantes para a oficina ou o minicurso, poder\u00e1 oferecer mais de uma turma. Neste caso, dever\u00e1 acrescentar ao final do t\u00edtulo as indica\u00e7\u00f5es Turma 1, Turma 2, etc.<\/p>\n\n\n\n<p>No campo \u201cResumo\u201d do cadastro das oficinas e minicursos no SIGAA, devem ser necessariamente especificados: p\u00fablico-alvo; n\u00famero de vagas; carga hor\u00e1ria (pr\u00e1tica ou te\u00f3rica e pr\u00e1tica); local, dia e hor\u00e1rio pretendidos para a realiza\u00e7\u00e3o da oficina ou minicurso.<\/p>\n\n\n\n<p>No SIGAA, o t\u00edtulo da oficina ou do minicurso deve ser precedido da express\u00e3o \u201cSemana Rural 2026 \u2013 Oficina e Minicurso\u201d, para fins de identifica\u00e7\u00e3o da vincula\u00e7\u00e3o da proposta.<\/p>\n\n\n\n<p><strong>Evento<\/strong><\/p>\n\n\n\n<p>Evento \u00e9 a a\u00e7\u00e3o que implica a apresenta\u00e7\u00e3o e\/ou exibi\u00e7\u00e3o p\u00fablica, livre ou com clientela espec\u00edfica do conhecimento ou produto cultural, art\u00edstico, esportivo, cient\u00edfico e tecnol\u00f3gico desenvolvido, conservado ou reconhecido pela Universidade.<\/p>\n\n\n\n<p>Exemplos: mostra dos cursos de gradua\u00e7\u00e3o e p\u00f3s; mostra de produtos extensionistas\/acad\u00eamicos; palestras, simp\u00f3sios, confer\u00eancias, mostras cient\u00edficas, art\u00edsticas, esportivas, produtos extensionistas; mostra PIBID etc. (veja o ANEXO II do Edital).<\/p>\n\n\n\n<p>Nesta modalidade n\u00e3o s\u00e3o abertas inscri\u00e7\u00f5es na p\u00e1gina oficial da Semana Rural para Eventos, incluindo palestras e simp\u00f3sios. Cabe ao proponente, caso deseje, abrir e gerenciar as inscri\u00e7\u00f5es para a sua a\u00e7\u00e3o de extens\u00e3o na modalidade Eventos.<\/p>\n\n\n\n<p><strong>Especificidades das propostas de Eventos e Mostras de Cursos T\u00e9cnicos, de Gradua\u00e7\u00e3o ou de P\u00f3s-Gradua\u00e7\u00e3o<\/strong><\/p>\n\n\n\n<p>Essas propostas podem ser oferecidas no per\u00edodo de 25 a 31 de maio em todos os c\u00e2mpus e depend\u00eancias da UFRRJ.<\/p>\n\n\n\n<p>Ser\u00e1 instalada uma infraestrutura (tendas com pontos de energia el\u00e9trica, mesas, cadeiras etc.) em frente ao pr\u00e9dio principal (P1) do c\u00e2mpus Serop\u00e9dica, onde podem ser desenvolvidas atividades de extens\u00e3o no hor\u00e1rio das 8h \u00e0s 17 h, com exce\u00e7\u00e3o do dia 29 de maio.<\/p>\n\n\n\n<p>No SIGAA, o t\u00edtulo do evento deve ser precedido da express\u00e3o \u201cSemana Rural 2026 \u2013 Eventos\u201d, para fins de identifica\u00e7\u00e3o da vincula\u00e7\u00e3o da proposta ao evento.<\/p>\n\n\n\n<p>Para as mostras dos cursos de gradua\u00e7\u00e3o ou de p\u00f3s-gradua\u00e7\u00e3o, o cadastro dever\u00e1 ser realizado como \u201cSemana Rural 2026 \u2013 Mostra de cursos t\u00e9cnicos, de gradua\u00e7\u00e3o e de p\u00f3s-gradua\u00e7\u00e3o\u201d, na modalidade Eventos.<\/p>\n\n\n\n<p>No campo \u201cResumo\u201d devem ser especificados: p\u00fablico-alvo, local, dia e hor\u00e1rio pretendidos para a realiza\u00e7\u00e3o da a\u00e7\u00e3o de extens\u00e3o. Ap\u00f3s o cadastramento das a\u00e7\u00f5es de extens\u00e3o, os proponentes interessados devem verificar junto \u00e0 Organiza\u00e7\u00e3o a disponibilidade de espa\u00e7o e infraestrutura nas tendas.<\/p>\n\n\n\n<p>Em caso de demanda, podem ser instaladas estruturas similares em outros c\u00e2mpus, a crit\u00e9rio da Organiza\u00e7\u00e3o.<\/p>\n","protected":false},"excerpt":{"rendered":"<p>A Pr\u00f3-Reitoria de Extens\u00e3o da UFRRJ torna p\u00fablico o Edital PROEXT n\u00ba 68\/2025, que estabelece as normas e os procedimentos para inscri\u00e7\u00e3o, [&hellip;]<\/p>\n","protected":false},"author":7,"featured_media":2113,"comment_status":"closed","ping_status":"closed","sticky":false,"template":"","format":"standard","meta":{"footnotes":""},"categories":[4],"tags":[],"class_list":["post-2110","post","type-post","status-publish","format-standard","has-post-thumbnail","hentry","category-noticia"],"yoast_head":"<!-- This site is optimized with the Yoast SEO plugin v27.2 - https:\/\/yoast.com\/product\/yoast-seo-wordpress\/ -->\n<title>Edital para submiss\u00e3o de propostas na Semana Rural 2026 - Semana Rural 2026<\/title>\n<meta name=\"robots\" content=\"index, follow, max-snippet:-1, max-image-preview:large, max-video-preview:-1\" \/>\n<link rel=\"canonical\" href=\"https:\/\/semanarural.ufrrj.br\/2026\/edital-para-submissao-de-propostas-na-semana-rural-2026\/\" \/>\n<meta property=\"og:locale\" content=\"pt_BR\" \/>\n<meta property=\"og:type\" content=\"article\" \/>\n<meta property=\"og:title\" content=\"Edital para submiss\u00e3o de propostas na Semana Rural 2026 - Semana Rural 2026\" \/>\n<meta property=\"og:description\" content=\"A Pr\u00f3-Reitoria de Extens\u00e3o da UFRRJ torna p\u00fablico o Edital PROEXT n\u00ba 68\/2025, que estabelece as normas e os procedimentos para inscri\u00e7\u00e3o, [&hellip;]\" \/>\n<meta property=\"og:url\" content=\"https:\/\/semanarural.ufrrj.br\/2026\/edital-para-submissao-de-propostas-na-semana-rural-2026\/\" \/>\n<meta property=\"og:site_name\" content=\"Semana Rural 2026\" \/>\n<meta property=\"article:publisher\" content=\"https:\/\/www.facebook.com\/profile.php?id=100092434855415\" \/>\n<meta property=\"article:published_time\" content=\"2026-03-04T12:44:57+00:00\" \/>\n<meta property=\"article:modified_time\" content=\"2026-03-20T17:59:05+00:00\" \/>\n<meta property=\"og:image\" content=\"https:\/\/semanarural.ufrrj.br\/2026\/wp-content\/uploads\/sites\/5\/2026\/03\/banner-cead-680-x-400-21.png\" \/>\n\t<meta property=\"og:image:width\" content=\"680\" \/>\n\t<meta property=\"og:image:height\" content=\"400\" \/>\n\t<meta property=\"og:image:type\" content=\"image\/png\" \/>\n<meta name=\"author\" content=\"luciano\" \/>\n<meta name=\"twitter:card\" content=\"summary_large_image\" \/>\n<meta name=\"twitter:label1\" content=\"Escrito por\" \/>\n\t<meta name=\"twitter:data1\" content=\"luciano\" \/>\n\t<meta name=\"twitter:label2\" content=\"Est. tempo de leitura\" \/>\n\t<meta name=\"twitter:data2\" content=\"4 minutos\" \/>\n<script type=\"application\/ld+json\" class=\"yoast-schema-graph\">{\"@context\":\"https:\/\/schema.org\",\"@graph\":[{\"@type\":\"Article\",\"@id\":\"https:\/\/semanarural.ufrrj.br\/2026\/edital-para-submissao-de-propostas-na-semana-rural-2026\/#article\",\"isPartOf\":{\"@id\":\"https:\/\/semanarural.ufrrj.br\/2026\/edital-para-submissao-de-propostas-na-semana-rural-2026\/\"},\"author\":{\"name\":\"luciano\",\"@id\":\"https:\/\/semanarural.ufrrj.br\/2026\/#\/schema\/person\/1511e0a5ead5f0157428b1ac30609e1b\"},\"headline\":\"Edital para submiss\u00e3o de propostas na Semana Rural 2026\",\"datePublished\":\"2026-03-04T12:44:57+00:00\",\"dateModified\":\"2026-03-20T17:59:05+00:00\",\"mainEntityOfPage\":{\"@id\":\"https:\/\/semanarural.ufrrj.br\/2026\/edital-para-submissao-de-propostas-na-semana-rural-2026\/\"},\"wordCount\":756,\"image\":{\"@id\":\"https:\/\/semanarural.ufrrj.br\/2026\/edital-para-submissao-de-propostas-na-semana-rural-2026\/#primaryimage\"},\"thumbnailUrl\":\"https:\/\/semanarural.ufrrj.br\/2026\/wp-content\/uploads\/sites\/5\/2026\/03\/banner-cead-680-x-400-21.png\",\"articleSection\":[\"Not\u00edcia\"],\"inLanguage\":\"pt-BR\"},{\"@type\":\"WebPage\",\"@id\":\"https:\/\/semanarural.ufrrj.br\/2026\/edital-para-submissao-de-propostas-na-semana-rural-2026\/\",\"url\":\"https:\/\/semanarural.ufrrj.br\/2026\/edital-para-submissao-de-propostas-na-semana-rural-2026\/\",\"name\":\"Edital para submiss\u00e3o de propostas na Semana Rural 2026 - Semana Rural 2026\",\"isPartOf\":{\"@id\":\"https:\/\/semanarural.ufrrj.br\/2026\/#website\"},\"primaryImageOfPage\":{\"@id\":\"https:\/\/semanarural.ufrrj.br\/2026\/edital-para-submissao-de-propostas-na-semana-rural-2026\/#primaryimage\"},\"image\":{\"@id\":\"https:\/\/semanarural.ufrrj.br\/2026\/edital-para-submissao-de-propostas-na-semana-rural-2026\/#primaryimage\"},\"thumbnailUrl\":\"https:\/\/semanarural.ufrrj.br\/2026\/wp-content\/uploads\/sites\/5\/2026\/03\/banner-cead-680-x-400-21.png\",\"datePublished\":\"2026-03-04T12:44:57+00:00\",\"dateModified\":\"2026-03-20T17:59:05+00:00\",\"author\":{\"@id\":\"https:\/\/semanarural.ufrrj.br\/2026\/#\/schema\/person\/1511e0a5ead5f0157428b1ac30609e1b\"},\"breadcrumb\":{\"@id\":\"https:\/\/semanarural.ufrrj.br\/2026\/edital-para-submissao-de-propostas-na-semana-rural-2026\/#breadcrumb\"},\"inLanguage\":\"pt-BR\",\"potentialAction\":[{\"@type\":\"ReadAction\",\"target\":[\"https:\/\/semanarural.ufrrj.br\/2026\/edital-para-submissao-de-propostas-na-semana-rural-2026\/\"]}]},{\"@type\":\"ImageObject\",\"inLanguage\":\"pt-BR\",\"@id\":\"https:\/\/semanarural.ufrrj.br\/2026\/edital-para-submissao-de-propostas-na-semana-rural-2026\/#primaryimage\",\"url\":\"https:\/\/semanarural.ufrrj.br\/2026\/wp-content\/uploads\/sites\/5\/2026\/03\/banner-cead-680-x-400-21.png\",\"contentUrl\":\"https:\/\/semanarural.ufrrj.br\/2026\/wp-content\/uploads\/sites\/5\/2026\/03\/banner-cead-680-x-400-21.png\",\"width\":680,\"height\":400},{\"@type\":\"BreadcrumbList\",\"@id\":\"https:\/\/semanarural.ufrrj.br\/2026\/edital-para-submissao-de-propostas-na-semana-rural-2026\/#breadcrumb\",\"itemListElement\":[{\"@type\":\"ListItem\",\"position\":1,\"name\":\"In\u00edcio\",\"item\":\"https:\/\/semanarural.ufrrj.br\/2026\/\"},{\"@type\":\"ListItem\",\"position\":2,\"name\":\"Edital para submiss\u00e3o de propostas na Semana Rural 2026\"}]},{\"@type\":\"WebSite\",\"@id\":\"https:\/\/semanarural.ufrrj.br\/2026\/#website\",\"url\":\"https:\/\/semanarural.ufrrj.br\/2026\/\",\"name\":\"Semana Rural 2026\",\"description\":\"\",\"potentialAction\":[{\"@type\":\"SearchAction\",\"target\":{\"@type\":\"EntryPoint\",\"urlTemplate\":\"https:\/\/semanarural.ufrrj.br\/2026\/?s={search_term_string}\"},\"query-input\":{\"@type\":\"PropertyValueSpecification\",\"valueRequired\":true,\"valueName\":\"search_term_string\"}}],\"inLanguage\":\"pt-BR\"},{\"@type\":\"Person\",\"@id\":\"https:\/\/semanarural.ufrrj.br\/2026\/#\/schema\/person\/1511e0a5ead5f0157428b1ac30609e1b\",\"name\":\"luciano\",\"image\":{\"@type\":\"ImageObject\",\"inLanguage\":\"pt-BR\",\"@id\":\"https:\/\/secure.gravatar.com\/avatar\/4d91bb9da74b689f9be56e08d37d67fc90a69164942e16656bd9fd7acd8fff23?s=96&d=mm&r=g\",\"url\":\"https:\/\/secure.gravatar.com\/avatar\/4d91bb9da74b689f9be56e08d37d67fc90a69164942e16656bd9fd7acd8fff23?s=96&d=mm&r=g\",\"contentUrl\":\"https:\/\/secure.gravatar.com\/avatar\/4d91bb9da74b689f9be56e08d37d67fc90a69164942e16656bd9fd7acd8fff23?s=96&d=mm&r=g\",\"caption\":\"luciano\"},\"url\":\"https:\/\/semanarural.ufrrj.br\/2026\/author\/luciano\/\"}]}<\/script>\n<!-- \/ Yoast SEO plugin. -->","yoast_head_json":{"title":"Edital para submiss\u00e3o de propostas na Semana Rural 2026 - Semana Rural 2026","robots":{"index":"index","follow":"follow","max-snippet":"max-snippet:-1","max-image-preview":"max-image-preview:large","max-video-preview":"max-video-preview:-1"},"canonical":"https:\/\/semanarural.ufrrj.br\/2026\/edital-para-submissao-de-propostas-na-semana-rural-2026\/","og_locale":"pt_BR","og_type":"article","og_title":"Edital para submiss\u00e3o de propostas na Semana Rural 2026 - Semana Rural 2026","og_description":"A Pr\u00f3-Reitoria de Extens\u00e3o da UFRRJ torna p\u00fablico o Edital PROEXT n\u00ba 68\/2025, que estabelece as normas e os procedimentos para inscri\u00e7\u00e3o, [&hellip;]","og_url":"https:\/\/semanarural.ufrrj.br\/2026\/edital-para-submissao-de-propostas-na-semana-rural-2026\/","og_site_name":"Semana Rural 2026","article_publisher":"https:\/\/www.facebook.com\/profile.php?id=100092434855415","article_published_time":"2026-03-04T12:44:57+00:00","article_modified_time":"2026-03-20T17:59:05+00:00","og_image":[{"width":680,"height":400,"url":"https:\/\/semanarural.ufrrj.br\/2026\/wp-content\/uploads\/sites\/5\/2026\/03\/banner-cead-680-x-400-21.png","type":"image\/png"}],"author":"luciano","twitter_card":"summary_large_image","twitter_misc":{"Escrito por":"luciano","Est. tempo de leitura":"4 minutos"},"schema":{"@context":"https:\/\/schema.org","@graph":[{"@type":"Article","@id":"https:\/\/semanarural.ufrrj.br\/2026\/edital-para-submissao-de-propostas-na-semana-rural-2026\/#article","isPartOf":{"@id":"https:\/\/semanarural.ufrrj.br\/2026\/edital-para-submissao-de-propostas-na-semana-rural-2026\/"},"author":{"name":"luciano","@id":"https:\/\/semanarural.ufrrj.br\/2026\/#\/schema\/person\/1511e0a5ead5f0157428b1ac30609e1b"},"headline":"Edital para submiss\u00e3o de propostas na Semana Rural 2026","datePublished":"2026-03-04T12:44:57+00:00","dateModified":"2026-03-20T17:59:05+00:00","mainEntityOfPage":{"@id":"https:\/\/semanarural.ufrrj.br\/2026\/edital-para-submissao-de-propostas-na-semana-rural-2026\/"},"wordCount":756,"image":{"@id":"https:\/\/semanarural.ufrrj.br\/2026\/edital-para-submissao-de-propostas-na-semana-rural-2026\/#primaryimage"},"thumbnailUrl":"https:\/\/semanarural.ufrrj.br\/2026\/wp-content\/uploads\/sites\/5\/2026\/03\/banner-cead-680-x-400-21.png","articleSection":["Not\u00edcia"],"inLanguage":"pt-BR"},{"@type":"WebPage","@id":"https:\/\/semanarural.ufrrj.br\/2026\/edital-para-submissao-de-propostas-na-semana-rural-2026\/","url":"https:\/\/semanarural.ufrrj.br\/2026\/edital-para-submissao-de-propostas-na-semana-rural-2026\/","name":"Edital para submiss\u00e3o de propostas na Semana Rural 2026 - Semana Rural 2026","isPartOf":{"@id":"https:\/\/semanarural.ufrrj.br\/2026\/#website"},"primaryImageOfPage":{"@id":"https:\/\/semanarural.ufrrj.br\/2026\/edital-para-submissao-de-propostas-na-semana-rural-2026\/#primaryimage"},"image":{"@id":"https:\/\/semanarural.ufrrj.br\/2026\/edital-para-submissao-de-propostas-na-semana-rural-2026\/#primaryimage"},"thumbnailUrl":"https:\/\/semanarural.ufrrj.br\/2026\/wp-content\/uploads\/sites\/5\/2026\/03\/banner-cead-680-x-400-21.png","datePublished":"2026-03-04T12:44:57+00:00","dateModified":"2026-03-20T17:59:05+00:00","author":{"@id":"https:\/\/semanarural.ufrrj.br\/2026\/#\/schema\/person\/1511e0a5ead5f0157428b1ac30609e1b"},"breadcrumb":{"@id":"https:\/\/semanarural.ufrrj.br\/2026\/edital-para-submissao-de-propostas-na-semana-rural-2026\/#breadcrumb"},"inLanguage":"pt-BR","potentialAction":[{"@type":"ReadAction","target":["https:\/\/semanarural.ufrrj.br\/2026\/edital-para-submissao-de-propostas-na-semana-rural-2026\/"]}]},{"@type":"ImageObject","inLanguage":"pt-BR","@id":"https:\/\/semanarural.ufrrj.br\/2026\/edital-para-submissao-de-propostas-na-semana-rural-2026\/#primaryimage","url":"https:\/\/semanarural.ufrrj.br\/2026\/wp-content\/uploads\/sites\/5\/2026\/03\/banner-cead-680-x-400-21.png","contentUrl":"https:\/\/semanarural.ufrrj.br\/2026\/wp-content\/uploads\/sites\/5\/2026\/03\/banner-cead-680-x-400-21.png","width":680,"height":400},{"@type":"BreadcrumbList","@id":"https:\/\/semanarural.ufrrj.br\/2026\/edital-para-submissao-de-propostas-na-semana-rural-2026\/#breadcrumb","itemListElement":[{"@type":"ListItem","position":1,"name":"In\u00edcio","item":"https:\/\/semanarural.ufrrj.br\/2026\/"},{"@type":"ListItem","position":2,"name":"Edital para submiss\u00e3o de propostas na Semana Rural 2026"}]},{"@type":"WebSite","@id":"https:\/\/semanarural.ufrrj.br\/2026\/#website","url":"https:\/\/semanarural.ufrrj.br\/2026\/","name":"Semana Rural 2026","description":"","potentialAction":[{"@type":"SearchAction","target":{"@type":"EntryPoint","urlTemplate":"https:\/\/semanarural.ufrrj.br\/2026\/?s={search_term_string}"},"query-input":{"@type":"PropertyValueSpecification","valueRequired":true,"valueName":"search_term_string"}}],"inLanguage":"pt-BR"},{"@type":"Person","@id":"https:\/\/semanarural.ufrrj.br\/2026\/#\/schema\/person\/1511e0a5ead5f0157428b1ac30609e1b","name":"luciano","image":{"@type":"ImageObject","inLanguage":"pt-BR","@id":"https:\/\/secure.gravatar.com\/avatar\/4d91bb9da74b689f9be56e08d37d67fc90a69164942e16656bd9fd7acd8fff23?s=96&d=mm&r=g","url":"https:\/\/secure.gravatar.com\/avatar\/4d91bb9da74b689f9be56e08d37d67fc90a69164942e16656bd9fd7acd8fff23?s=96&d=mm&r=g","contentUrl":"https:\/\/secure.gravatar.com\/avatar\/4d91bb9da74b689f9be56e08d37d67fc90a69164942e16656bd9fd7acd8fff23?s=96&d=mm&r=g","caption":"luciano"},"url":"https:\/\/semanarural.ufrrj.br\/2026\/author\/luciano\/"}]}},"_links":{"self":[{"href":"https:\/\/semanarural.ufrrj.br\/2026\/wp-json\/wp\/v2\/posts\/2110","targetHints":{"allow":["GET"]}}],"collection":[{"href":"https:\/\/semanarural.ufrrj.br\/2026\/wp-json\/wp\/v2\/posts"}],"about":[{"href":"https:\/\/semanarural.ufrrj.br\/2026\/wp-json\/wp\/v2\/types\/post"}],"author":[{"embeddable":true,"href":"https:\/\/semanarural.ufrrj.br\/2026\/wp-json\/wp\/v2\/users\/7"}],"replies":[{"embeddable":true,"href":"https:\/\/semanarural.ufrrj.br\/2026\/wp-json\/wp\/v2\/comments?post=2110"}],"version-history":[{"count":1,"href":"https:\/\/semanarural.ufrrj.br\/2026\/wp-json\/wp\/v2\/posts\/2110\/revisions"}],"predecessor-version":[{"id":2111,"href":"https:\/\/semanarural.ufrrj.br\/2026\/wp-json\/wp\/v2\/posts\/2110\/revisions\/2111"}],"wp:featuredmedia":[{"embeddable":true,"href":"https:\/\/semanarural.ufrrj.br\/2026\/wp-json\/wp\/v2\/media\/2113"}],"wp:attachment":[{"href":"https:\/\/semanarural.ufrrj.br\/2026\/wp-json\/wp\/v2\/media?parent=2110"}],"wp:term":[{"taxonomy":"category","embeddable":true,"href":"https:\/\/semanarural.ufrrj.br\/2026\/wp-json\/wp\/v2\/categories?post=2110"},{"taxonomy":"post_tag","embeddable":true,"href":"https:\/\/semanarural.ufrrj.br\/2026\/wp-json\/wp\/v2\/tags?post=2110"}],"curies":[{"name":"wp","href":"https:\/\/api.w.org\/{rel}","templated":true}]}}