{"id":2115,"date":"2026-03-06T10:07:23","date_gmt":"2026-03-06T13:07:23","guid":{"rendered":"https:\/\/semanarural.ufrrj.br\/2026\/?p=2115"},"modified":"2026-03-20T14:59:05","modified_gmt":"2026-03-20T17:59:05","slug":"inscricoes-abertas-para-as-escolas-participarem-do-circuito-escolar-2026-adicionar-imagens-do-circuito-escolar","status":"publish","type":"post","link":"https:\/\/semanarural.ufrrj.br\/2026\/inscricoes-abertas-para-as-escolas-participarem-do-circuito-escolar-2026-adicionar-imagens-do-circuito-escolar\/","title":{"rendered":"Inscri\u00e7\u00f5es abertas para as escolas participarem do Circuito Escolar 2026 \u2013 Adicionar imagens do circuito escolar."},"content":{"rendered":"\n<p>Entre os dias 25 e 28 de maio a Semana Rural 2026 realiza o Circuito Escolar.<\/p>\n\n\n\n<p>O <strong>Circuito Escolar<\/strong> consiste em diversas atividades direcionadas aos estudantes, como: visita educativa a uma minifazenda instalada em frente ao pr\u00e9dio principal; mostra dos cursos t\u00e9cnicos e de gradua\u00e7\u00e3o oferecidos pela Universidade; apresenta\u00e7\u00f5es art\u00edsticas, cient\u00edficas e culturais; visita\u00e7\u00e3o aos museus e pr\u00e9dios hist\u00f3ricos da Universidade, dentre outras.&nbsp;<\/p>\n\n\n\n<p><strong>Prepare-se para um dia inesquec\u00edvel, repleto de aprendizado e divers\u00e3o para voc\u00ea e seus alunos. Um evento para ficar na mem\u00f3ria!<\/strong><\/p>\n\n\n\n<p><strong>Como participar?<\/strong><\/p>\n\n\n\n<p>As escolas podem se inscrever pelo e-mail:<strong>semanarural@ufrrj.br<\/strong><\/p>\n\n\n\n<p>N\u00e3o perca tempo! As vagas s\u00e3o limitadas e preenchidas por ordem de inscri\u00e7\u00e3o. As atividades s\u00e3o <strong>gratuitas<\/strong>. A programa\u00e7\u00e3o completa da <strong>Semana Rural <\/strong>estar\u00e1 dispon\u00edvel, em breve, no site <a href=\"https:\/\/semanarural.ufrrj.br\/\">https:\/\/semanarural.ufrrj.br\/<\/a> e no Instagram: <strong>@ufrrj.semanarural<\/strong><strong><\/strong><\/p>\n","protected":false},"excerpt":{"rendered":"<p>Entre os dias 25 e 28 de maio a Semana Rural 2026 realiza o Circuito Escolar. O Circuito Escolar consiste em diversas [&hellip;]<\/p>\n","protected":false},"author":7,"featured_media":2116,"comment_status":"closed","ping_status":"closed","sticky":false,"template":"","format":"standard","meta":{"footnotes":""},"categories":[4],"tags":[],"class_list":["post-2115","post","type-post","status-publish","format-standard","has-post-thumbnail","hentry","category-noticia"],"yoast_head":"<!-- This site is optimized with the Yoast SEO plugin v27.2 - https:\/\/yoast.com\/product\/yoast-seo-wordpress\/ -->\n<title>Inscri\u00e7\u00f5es abertas para as escolas participarem do Circuito Escolar 2026 \u2013 Adicionar imagens do circuito escolar. - Semana Rural 2026<\/title>\n<meta name=\"robots\" content=\"index, follow, max-snippet:-1, max-image-preview:large, max-video-preview:-1\" \/>\n<link rel=\"canonical\" href=\"https:\/\/semanarural.ufrrj.br\/2026\/inscricoes-abertas-para-as-escolas-participarem-do-circuito-escolar-2026-adicionar-imagens-do-circuito-escolar\/\" \/>\n<meta property=\"og:locale\" content=\"pt_BR\" \/>\n<meta property=\"og:type\" content=\"article\" \/>\n<meta property=\"og:title\" content=\"Inscri\u00e7\u00f5es abertas para as escolas participarem do Circuito Escolar 2026 \u2013 Adicionar imagens do circuito escolar. - Semana Rural 2026\" \/>\n<meta property=\"og:description\" content=\"Entre os dias 25 e 28 de maio a Semana Rural 2026 realiza o Circuito Escolar. O Circuito Escolar consiste em diversas [&hellip;]\" \/>\n<meta property=\"og:url\" content=\"https:\/\/semanarural.ufrrj.br\/2026\/inscricoes-abertas-para-as-escolas-participarem-do-circuito-escolar-2026-adicionar-imagens-do-circuito-escolar\/\" \/>\n<meta property=\"og:site_name\" content=\"Semana Rural 2026\" \/>\n<meta property=\"article:publisher\" content=\"https:\/\/www.facebook.com\/profile.php?id=100092434855415\" \/>\n<meta property=\"article:published_time\" content=\"2026-03-06T13:07:23+00:00\" \/>\n<meta property=\"article:modified_time\" content=\"2026-03-20T17:59:05+00:00\" \/>\n<meta property=\"og:image\" content=\"https:\/\/semanarural.ufrrj.br\/2026\/wp-content\/uploads\/sites\/5\/2026\/03\/banner-cead-680-x-400-22.png\" \/>\n\t<meta property=\"og:image:width\" content=\"680\" \/>\n\t<meta property=\"og:image:height\" content=\"400\" \/>\n\t<meta property=\"og:image:type\" content=\"image\/png\" \/>\n<meta name=\"author\" content=\"luciano\" \/>\n<meta name=\"twitter:card\" content=\"summary_large_image\" \/>\n<meta name=\"twitter:label1\" content=\"Escrito por\" \/>\n\t<meta name=\"twitter:data1\" content=\"luciano\" \/>\n\t<meta name=\"twitter:label2\" content=\"Est. tempo de leitura\" \/>\n\t<meta name=\"twitter:data2\" content=\"1 minuto\" \/>\n<script type=\"application\/ld+json\" class=\"yoast-schema-graph\">{\"@context\":\"https:\/\/schema.org\",\"@graph\":[{\"@type\":\"Article\",\"@id\":\"https:\/\/semanarural.ufrrj.br\/2026\/inscricoes-abertas-para-as-escolas-participarem-do-circuito-escolar-2026-adicionar-imagens-do-circuito-escolar\/#article\",\"isPartOf\":{\"@id\":\"https:\/\/semanarural.ufrrj.br\/2026\/inscricoes-abertas-para-as-escolas-participarem-do-circuito-escolar-2026-adicionar-imagens-do-circuito-escolar\/\"},\"author\":{\"name\":\"luciano\",\"@id\":\"https:\/\/semanarural.ufrrj.br\/2026\/#\/schema\/person\/1511e0a5ead5f0157428b1ac30609e1b\"},\"headline\":\"Inscri\u00e7\u00f5es abertas para as escolas participarem do Circuito Escolar 2026 \u2013 Adicionar imagens do circuito escolar.\",\"datePublished\":\"2026-03-06T13:07:23+00:00\",\"dateModified\":\"2026-03-20T17:59:05+00:00\",\"mainEntityOfPage\":{\"@id\":\"https:\/\/semanarural.ufrrj.br\/2026\/inscricoes-abertas-para-as-escolas-participarem-do-circuito-escolar-2026-adicionar-imagens-do-circuito-escolar\/\"},\"wordCount\":165,\"image\":{\"@id\":\"https:\/\/semanarural.ufrrj.br\/2026\/inscricoes-abertas-para-as-escolas-participarem-do-circuito-escolar-2026-adicionar-imagens-do-circuito-escolar\/#primaryimage\"},\"thumbnailUrl\":\"https:\/\/semanarural.ufrrj.br\/2026\/wp-content\/uploads\/sites\/5\/2026\/03\/banner-cead-680-x-400-22.png\",\"articleSection\":[\"Not\u00edcia\"],\"inLanguage\":\"pt-BR\"},{\"@type\":\"WebPage\",\"@id\":\"https:\/\/semanarural.ufrrj.br\/2026\/inscricoes-abertas-para-as-escolas-participarem-do-circuito-escolar-2026-adicionar-imagens-do-circuito-escolar\/\",\"url\":\"https:\/\/semanarural.ufrrj.br\/2026\/inscricoes-abertas-para-as-escolas-participarem-do-circuito-escolar-2026-adicionar-imagens-do-circuito-escolar\/\",\"name\":\"Inscri\u00e7\u00f5es abertas para as escolas participarem do Circuito Escolar 2026 \u2013 Adicionar imagens do circuito escolar. - Semana Rural 2026\",\"isPartOf\":{\"@id\":\"https:\/\/semanarural.ufrrj.br\/2026\/#website\"},\"primaryImageOfPage\":{\"@id\":\"https:\/\/semanarural.ufrrj.br\/2026\/inscricoes-abertas-para-as-escolas-participarem-do-circuito-escolar-2026-adicionar-imagens-do-circuito-escolar\/#primaryimage\"},\"image\":{\"@id\":\"https:\/\/semanarural.ufrrj.br\/2026\/inscricoes-abertas-para-as-escolas-participarem-do-circuito-escolar-2026-adicionar-imagens-do-circuito-escolar\/#primaryimage\"},\"thumbnailUrl\":\"https:\/\/semanarural.ufrrj.br\/2026\/wp-content\/uploads\/sites\/5\/2026\/03\/banner-cead-680-x-400-22.png\",\"datePublished\":\"2026-03-06T13:07:23+00:00\",\"dateModified\":\"2026-03-20T17:59:05+00:00\",\"author\":{\"@id\":\"https:\/\/semanarural.ufrrj.br\/2026\/#\/schema\/person\/1511e0a5ead5f0157428b1ac30609e1b\"},\"breadcrumb\":{\"@id\":\"https:\/\/semanarural.ufrrj.br\/2026\/inscricoes-abertas-para-as-escolas-participarem-do-circuito-escolar-2026-adicionar-imagens-do-circuito-escolar\/#breadcrumb\"},\"inLanguage\":\"pt-BR\",\"potentialAction\":[{\"@type\":\"ReadAction\",\"target\":[\"https:\/\/semanarural.ufrrj.br\/2026\/inscricoes-abertas-para-as-escolas-participarem-do-circuito-escolar-2026-adicionar-imagens-do-circuito-escolar\/\"]}]},{\"@type\":\"ImageObject\",\"inLanguage\":\"pt-BR\",\"@id\":\"https:\/\/semanarural.ufrrj.br\/2026\/inscricoes-abertas-para-as-escolas-participarem-do-circuito-escolar-2026-adicionar-imagens-do-circuito-escolar\/#primaryimage\",\"url\":\"https:\/\/semanarural.ufrrj.br\/2026\/wp-content\/uploads\/sites\/5\/2026\/03\/banner-cead-680-x-400-22.png\",\"contentUrl\":\"https:\/\/semanarural.ufrrj.br\/2026\/wp-content\/uploads\/sites\/5\/2026\/03\/banner-cead-680-x-400-22.png\",\"width\":680,\"height\":400},{\"@type\":\"BreadcrumbList\",\"@id\":\"https:\/\/semanarural.ufrrj.br\/2026\/inscricoes-abertas-para-as-escolas-participarem-do-circuito-escolar-2026-adicionar-imagens-do-circuito-escolar\/#breadcrumb\",\"itemListElement\":[{\"@type\":\"ListItem\",\"position\":1,\"name\":\"In\u00edcio\",\"item\":\"https:\/\/semanarural.ufrrj.br\/2026\/\"},{\"@type\":\"ListItem\",\"position\":2,\"name\":\"Inscri\u00e7\u00f5es abertas para as escolas participarem do Circuito Escolar 2026 \u2013 Adicionar imagens do circuito escolar.\"}]},{\"@type\":\"WebSite\",\"@id\":\"https:\/\/semanarural.ufrrj.br\/2026\/#website\",\"url\":\"https:\/\/semanarural.ufrrj.br\/2026\/\",\"name\":\"Semana Rural 2026\",\"description\":\"\",\"potentialAction\":[{\"@type\":\"SearchAction\",\"target\":{\"@type\":\"EntryPoint\",\"urlTemplate\":\"https:\/\/semanarural.ufrrj.br\/2026\/?s={search_term_string}\"},\"query-input\":{\"@type\":\"PropertyValueSpecification\",\"valueRequired\":true,\"valueName\":\"search_term_string\"}}],\"inLanguage\":\"pt-BR\"},{\"@type\":\"Person\",\"@id\":\"https:\/\/semanarural.ufrrj.br\/2026\/#\/schema\/person\/1511e0a5ead5f0157428b1ac30609e1b\",\"name\":\"luciano\",\"image\":{\"@type\":\"ImageObject\",\"inLanguage\":\"pt-BR\",\"@id\":\"https:\/\/secure.gravatar.com\/avatar\/4d91bb9da74b689f9be56e08d37d67fc90a69164942e16656bd9fd7acd8fff23?s=96&d=mm&r=g\",\"url\":\"https:\/\/secure.gravatar.com\/avatar\/4d91bb9da74b689f9be56e08d37d67fc90a69164942e16656bd9fd7acd8fff23?s=96&d=mm&r=g\",\"contentUrl\":\"https:\/\/secure.gravatar.com\/avatar\/4d91bb9da74b689f9be56e08d37d67fc90a69164942e16656bd9fd7acd8fff23?s=96&d=mm&r=g\",\"caption\":\"luciano\"},\"url\":\"https:\/\/semanarural.ufrrj.br\/2026\/author\/luciano\/\"}]}<\/script>\n<!-- \/ Yoast SEO plugin. -->","yoast_head_json":{"title":"Inscri\u00e7\u00f5es abertas para as escolas participarem do Circuito Escolar 2026 \u2013 Adicionar imagens do circuito escolar. - Semana Rural 2026","robots":{"index":"index","follow":"follow","max-snippet":"max-snippet:-1","max-image-preview":"max-image-preview:large","max-video-preview":"max-video-preview:-1"},"canonical":"https:\/\/semanarural.ufrrj.br\/2026\/inscricoes-abertas-para-as-escolas-participarem-do-circuito-escolar-2026-adicionar-imagens-do-circuito-escolar\/","og_locale":"pt_BR","og_type":"article","og_title":"Inscri\u00e7\u00f5es abertas para as escolas participarem do Circuito Escolar 2026 \u2013 Adicionar imagens do circuito escolar. - Semana Rural 2026","og_description":"Entre os dias 25 e 28 de maio a Semana Rural 2026 realiza o Circuito Escolar. O Circuito Escolar consiste em diversas [&hellip;]","og_url":"https:\/\/semanarural.ufrrj.br\/2026\/inscricoes-abertas-para-as-escolas-participarem-do-circuito-escolar-2026-adicionar-imagens-do-circuito-escolar\/","og_site_name":"Semana Rural 2026","article_publisher":"https:\/\/www.facebook.com\/profile.php?id=100092434855415","article_published_time":"2026-03-06T13:07:23+00:00","article_modified_time":"2026-03-20T17:59:05+00:00","og_image":[{"width":680,"height":400,"url":"https:\/\/semanarural.ufrrj.br\/2026\/wp-content\/uploads\/sites\/5\/2026\/03\/banner-cead-680-x-400-22.png","type":"image\/png"}],"author":"luciano","twitter_card":"summary_large_image","twitter_misc":{"Escrito por":"luciano","Est. tempo de leitura":"1 minuto"},"schema":{"@context":"https:\/\/schema.org","@graph":[{"@type":"Article","@id":"https:\/\/semanarural.ufrrj.br\/2026\/inscricoes-abertas-para-as-escolas-participarem-do-circuito-escolar-2026-adicionar-imagens-do-circuito-escolar\/#article","isPartOf":{"@id":"https:\/\/semanarural.ufrrj.br\/2026\/inscricoes-abertas-para-as-escolas-participarem-do-circuito-escolar-2026-adicionar-imagens-do-circuito-escolar\/"},"author":{"name":"luciano","@id":"https:\/\/semanarural.ufrrj.br\/2026\/#\/schema\/person\/1511e0a5ead5f0157428b1ac30609e1b"},"headline":"Inscri\u00e7\u00f5es abertas para as escolas participarem do Circuito Escolar 2026 \u2013 Adicionar imagens do circuito escolar.","datePublished":"2026-03-06T13:07:23+00:00","dateModified":"2026-03-20T17:59:05+00:00","mainEntityOfPage":{"@id":"https:\/\/semanarural.ufrrj.br\/2026\/inscricoes-abertas-para-as-escolas-participarem-do-circuito-escolar-2026-adicionar-imagens-do-circuito-escolar\/"},"wordCount":165,"image":{"@id":"https:\/\/semanarural.ufrrj.br\/2026\/inscricoes-abertas-para-as-escolas-participarem-do-circuito-escolar-2026-adicionar-imagens-do-circuito-escolar\/#primaryimage"},"thumbnailUrl":"https:\/\/semanarural.ufrrj.br\/2026\/wp-content\/uploads\/sites\/5\/2026\/03\/banner-cead-680-x-400-22.png","articleSection":["Not\u00edcia"],"inLanguage":"pt-BR"},{"@type":"WebPage","@id":"https:\/\/semanarural.ufrrj.br\/2026\/inscricoes-abertas-para-as-escolas-participarem-do-circuito-escolar-2026-adicionar-imagens-do-circuito-escolar\/","url":"https:\/\/semanarural.ufrrj.br\/2026\/inscricoes-abertas-para-as-escolas-participarem-do-circuito-escolar-2026-adicionar-imagens-do-circuito-escolar\/","name":"Inscri\u00e7\u00f5es abertas para as escolas participarem do Circuito Escolar 2026 \u2013 Adicionar imagens do circuito escolar. - Semana Rural 2026","isPartOf":{"@id":"https:\/\/semanarural.ufrrj.br\/2026\/#website"},"primaryImageOfPage":{"@id":"https:\/\/semanarural.ufrrj.br\/2026\/inscricoes-abertas-para-as-escolas-participarem-do-circuito-escolar-2026-adicionar-imagens-do-circuito-escolar\/#primaryimage"},"image":{"@id":"https:\/\/semanarural.ufrrj.br\/2026\/inscricoes-abertas-para-as-escolas-participarem-do-circuito-escolar-2026-adicionar-imagens-do-circuito-escolar\/#primaryimage"},"thumbnailUrl":"https:\/\/semanarural.ufrrj.br\/2026\/wp-content\/uploads\/sites\/5\/2026\/03\/banner-cead-680-x-400-22.png","datePublished":"2026-03-06T13:07:23+00:00","dateModified":"2026-03-20T17:59:05+00:00","author":{"@id":"https:\/\/semanarural.ufrrj.br\/2026\/#\/schema\/person\/1511e0a5ead5f0157428b1ac30609e1b"},"breadcrumb":{"@id":"https:\/\/semanarural.ufrrj.br\/2026\/inscricoes-abertas-para-as-escolas-participarem-do-circuito-escolar-2026-adicionar-imagens-do-circuito-escolar\/#breadcrumb"},"inLanguage":"pt-BR","potentialAction":[{"@type":"ReadAction","target":["https:\/\/semanarural.ufrrj.br\/2026\/inscricoes-abertas-para-as-escolas-participarem-do-circuito-escolar-2026-adicionar-imagens-do-circuito-escolar\/"]}]},{"@type":"ImageObject","inLanguage":"pt-BR","@id":"https:\/\/semanarural.ufrrj.br\/2026\/inscricoes-abertas-para-as-escolas-participarem-do-circuito-escolar-2026-adicionar-imagens-do-circuito-escolar\/#primaryimage","url":"https:\/\/semanarural.ufrrj.br\/2026\/wp-content\/uploads\/sites\/5\/2026\/03\/banner-cead-680-x-400-22.png","contentUrl":"https:\/\/semanarural.ufrrj.br\/2026\/wp-content\/uploads\/sites\/5\/2026\/03\/banner-cead-680-x-400-22.png","width":680,"height":400},{"@type":"BreadcrumbList","@id":"https:\/\/semanarural.ufrrj.br\/2026\/inscricoes-abertas-para-as-escolas-participarem-do-circuito-escolar-2026-adicionar-imagens-do-circuito-escolar\/#breadcrumb","itemListElement":[{"@type":"ListItem","position":1,"name":"In\u00edcio","item":"https:\/\/semanarural.ufrrj.br\/2026\/"},{"@type":"ListItem","position":2,"name":"Inscri\u00e7\u00f5es abertas para as escolas participarem do Circuito Escolar 2026 \u2013 Adicionar imagens do circuito escolar."}]},{"@type":"WebSite","@id":"https:\/\/semanarural.ufrrj.br\/2026\/#website","url":"https:\/\/semanarural.ufrrj.br\/2026\/","name":"Semana Rural 2026","description":"","potentialAction":[{"@type":"SearchAction","target":{"@type":"EntryPoint","urlTemplate":"https:\/\/semanarural.ufrrj.br\/2026\/?s={search_term_string}"},"query-input":{"@type":"PropertyValueSpecification","valueRequired":true,"valueName":"search_term_string"}}],"inLanguage":"pt-BR"},{"@type":"Person","@id":"https:\/\/semanarural.ufrrj.br\/2026\/#\/schema\/person\/1511e0a5ead5f0157428b1ac30609e1b","name":"luciano","image":{"@type":"ImageObject","inLanguage":"pt-BR","@id":"https:\/\/secure.gravatar.com\/avatar\/4d91bb9da74b689f9be56e08d37d67fc90a69164942e16656bd9fd7acd8fff23?s=96&d=mm&r=g","url":"https:\/\/secure.gravatar.com\/avatar\/4d91bb9da74b689f9be56e08d37d67fc90a69164942e16656bd9fd7acd8fff23?s=96&d=mm&r=g","contentUrl":"https:\/\/secure.gravatar.com\/avatar\/4d91bb9da74b689f9be56e08d37d67fc90a69164942e16656bd9fd7acd8fff23?s=96&d=mm&r=g","caption":"luciano"},"url":"https:\/\/semanarural.ufrrj.br\/2026\/author\/luciano\/"}]}},"_links":{"self":[{"href":"https:\/\/semanarural.ufrrj.br\/2026\/wp-json\/wp\/v2\/posts\/2115","targetHints":{"allow":["GET"]}}],"collection":[{"href":"https:\/\/semanarural.ufrrj.br\/2026\/wp-json\/wp\/v2\/posts"}],"about":[{"href":"https:\/\/semanarural.ufrrj.br\/2026\/wp-json\/wp\/v2\/types\/post"}],"author":[{"embeddable":true,"href":"https:\/\/semanarural.ufrrj.br\/2026\/wp-json\/wp\/v2\/users\/7"}],"replies":[{"embeddable":true,"href":"https:\/\/semanarural.ufrrj.br\/2026\/wp-json\/wp\/v2\/comments?post=2115"}],"version-history":[{"count":1,"href":"https:\/\/semanarural.ufrrj.br\/2026\/wp-json\/wp\/v2\/posts\/2115\/revisions"}],"predecessor-version":[{"id":2117,"href":"https:\/\/semanarural.ufrrj.br\/2026\/wp-json\/wp\/v2\/posts\/2115\/revisions\/2117"}],"wp:featuredmedia":[{"embeddable":true,"href":"https:\/\/semanarural.ufrrj.br\/2026\/wp-json\/wp\/v2\/media\/2116"}],"wp:attachment":[{"href":"https:\/\/semanarural.ufrrj.br\/2026\/wp-json\/wp\/v2\/media?parent=2115"}],"wp:term":[{"taxonomy":"category","embeddable":true,"href":"https:\/\/semanarural.ufrrj.br\/2026\/wp-json\/wp\/v2\/categories?post=2115"},{"taxonomy":"post_tag","embeddable":true,"href":"https:\/\/semanarural.ufrrj.br\/2026\/wp-json\/wp\/v2\/tags?post=2115"}],"curies":[{"name":"wp","href":"https:\/\/api.w.org\/{rel}","templated":true}]}}