{"id":2279,"date":"2026-04-27T19:35:01","date_gmt":"2026-04-27T22:35:01","guid":{"rendered":"https:\/\/semanarural.ufrrj.br\/2026\/?p=2279"},"modified":"2026-04-27T22:44:01","modified_gmt":"2026-04-28T01:44:01","slug":"resultado-preliminar-do-edital-no32-2026-selecao-de-discentes-para-atuarem-na-semana-rural-2026","status":"publish","type":"post","link":"https:\/\/semanarural.ufrrj.br\/2026\/resultado-preliminar-do-edital-no32-2026-selecao-de-discentes-para-atuarem-na-semana-rural-2026\/","title":{"rendered":"Resultado Preliminar do Edital n\u00ba32\/2026 &#8211; Sele\u00e7\u00e3o de discentes para atuarem na Semana Rural 2026"},"content":{"rendered":"\t\t<div data-elementor-type=\"wp-post\" data-elementor-id=\"2279\" class=\"elementor elementor-2279\">\n\t\t\t\t\t\t<section class=\"elementor-section elementor-top-section elementor-element elementor-element-2a5412e elementor-section-boxed elementor-section-height-default elementor-section-height-default\" data-id=\"2a5412e\" data-element_type=\"section\" data-e-type=\"section\">\n\t\t\t\t\t\t<div class=\"elementor-container elementor-column-gap-default\">\n\t\t\t\t\t<div class=\"elementor-column elementor-col-100 elementor-top-column elementor-element elementor-element-475b2d6\" data-id=\"475b2d6\" data-element_type=\"column\" data-e-type=\"column\">\n\t\t\t<div class=\"elementor-widget-wrap elementor-element-populated\">\n\t\t\t\t\t\t<div class=\"elementor-element elementor-element-3dd3df84 elementor-widget elementor-widget-text-editor\" data-id=\"3dd3df84\" data-element_type=\"widget\" data-e-type=\"widget\" data-widget_type=\"text-editor.default\">\n\t\t\t\t<div class=\"elementor-widget-container\">\n\t\t\t\t\t\t\t\t\t<p>A comiss\u00e3o organizadora torna p\u00fablico o resultado preliminar do edital n\u00ba32\/2026.<\/p>\n<div class=\"wp-block-buttons\">\n<p><!-- \/wp:button --><\/p>\n<\/div>\n<p><!-- \/wp:buttons --><!-- wp:paragraph --><\/p>\n<p><!-- \/wp:paragraph --><\/p>\t\t\t\t\t\t\t\t<\/div>\n\t\t\t\t<\/div>\n\t\t\t\t<div class=\"elementor-element elementor-element-369975e elementor-widget elementor-widget-button\" data-id=\"369975e\" data-element_type=\"widget\" data-e-type=\"widget\" data-widget_type=\"button.default\">\n\t\t\t\t<div class=\"elementor-widget-container\">\n\t\t\t\t\t\t\t\t\t<div class=\"elementor-button-wrapper\">\n\t\t\t\t\t<a class=\"elementor-button elementor-button-link elementor-size-sm\" href=\"https:\/\/drive.google.com\/file\/d\/1q4tGHXYa5c-u7R-R31Jig15lcpI8-MPw\/view?usp=drive_link\">\n\t\t\t\t\t\t<span class=\"elementor-button-content-wrapper\">\n\t\t\t\t\t\t<span class=\"elementor-button-icon\">\n\t\t\t\t<i aria-hidden=\"true\" class=\"fas fa-horse\"><\/i>\t\t\t<\/span>\n\t\t\t\t\t\t\t\t\t<span class=\"elementor-button-text\">Minifazenda<\/span>\n\t\t\t\t\t<\/span>\n\t\t\t\t\t<\/a>\n\t\t\t\t<\/div>\n\t\t\t\t\t\t\t\t<\/div>\n\t\t\t\t<\/div>\n\t\t\t\t<div class=\"elementor-element elementor-element-dcdd2ec elementor-widget elementor-widget-button\" data-id=\"dcdd2ec\" data-element_type=\"widget\" data-e-type=\"widget\" data-widget_type=\"button.default\">\n\t\t\t\t<div class=\"elementor-widget-container\">\n\t\t\t\t\t\t\t\t\t<div class=\"elementor-button-wrapper\">\n\t\t\t\t\t<a class=\"elementor-button elementor-button-link elementor-size-sm\" href=\"https:\/\/drive.google.com\/file\/d\/1ahUkNxqTeOXjAH2bS8bqr4kytbkUSrFz\/view?usp=drive_link\">\n\t\t\t\t\t\t<span class=\"elementor-button-content-wrapper\">\n\t\t\t\t\t\t<span class=\"elementor-button-icon\">\n\t\t\t\t<i aria-hidden=\"true\" class=\"fas fa-network-wired\"><\/i>\t\t\t<\/span>\n\t\t\t\t\t\t\t\t\t<span class=\"elementor-button-text\">Organiza\u00e7\u00e3o e Log\u00edstica <\/span>\n\t\t\t\t\t<\/span>\n\t\t\t\t\t<\/a>\n\t\t\t\t<\/div>\n\t\t\t\t\t\t\t\t<\/div>\n\t\t\t\t<\/div>\n\t\t\t\t\t<\/div>\n\t\t<\/div>\n\t\t\t\t\t<\/div>\n\t\t<\/section>\n\t\t\t\t<section class=\"elementor-section elementor-top-section elementor-element elementor-element-dae2e42 elementor-section-boxed elementor-section-height-default elementor-section-height-default\" data-id=\"dae2e42\" data-element_type=\"section\" data-e-type=\"section\">\n\t\t\t\t\t\t<div class=\"elementor-container elementor-column-gap-default\">\n\t\t\t\t\t<div class=\"elementor-column elementor-col-100 elementor-top-column elementor-element elementor-element-5cf9ac5\" data-id=\"5cf9ac5\" data-element_type=\"column\" data-e-type=\"column\">\n\t\t\t<div class=\"elementor-widget-wrap elementor-element-populated\">\n\t\t\t\t\t\t<div class=\"elementor-element elementor-element-269c005 elementor-widget elementor-widget-button\" data-id=\"269c005\" data-element_type=\"widget\" data-e-type=\"widget\" data-widget_type=\"button.default\">\n\t\t\t\t<div class=\"elementor-widget-container\">\n\t\t\t\t\t\t\t\t\t<div class=\"elementor-button-wrapper\">\n\t\t\t\t\t<a class=\"elementor-button elementor-button-link elementor-size-sm\" href=\"https:\/\/drive.google.com\/file\/d\/1-5pVc_tyUe7aPXVP3Dwm6ZW5Ms3_fn7J\/view?usp=drive_link\">\n\t\t\t\t\t\t<span class=\"elementor-button-content-wrapper\">\n\t\t\t\t\t\t<span class=\"elementor-button-icon\">\n\t\t\t\t<i aria-hidden=\"true\" class=\"fas fa-running\"><\/i>\t\t\t<\/span>\n\t\t\t\t\t\t\t\t\t<span class=\"elementor-button-text\">Torneios Espotivos<\/span>\n\t\t\t\t\t<\/span>\n\t\t\t\t\t<\/a>\n\t\t\t\t<\/div>\n\t\t\t\t\t\t\t\t<\/div>\n\t\t\t\t<\/div>\n\t\t\t\t\t<\/div>\n\t\t<\/div>\n\t\t\t\t\t<\/div>\n\t\t<\/section>\n\t\t\t\t<\/div>\n\t\t","protected":false},"excerpt":{"rendered":"<p>A comiss\u00e3o organizadora torna p\u00fablico o resultado preliminar do edital n\u00ba32\/2026. Minifazenda Organiza\u00e7\u00e3o e Log\u00edstica Torneios Espotivos<\/p>\n","protected":false},"author":6,"featured_media":2107,"comment_status":"closed","ping_status":"closed","sticky":false,"template":"","format":"standard","meta":{"footnotes":""},"categories":[4],"tags":[],"class_list":["post-2279","post","type-post","status-publish","format-standard","has-post-thumbnail","hentry","category-noticia"],"yoast_head":"<!-- This site is optimized with the Yoast SEO plugin v27.2 - https:\/\/yoast.com\/product\/yoast-seo-wordpress\/ -->\n<title>Resultado Preliminar do Edital n\u00ba32\/2026 - Sele\u00e7\u00e3o de discentes para atuarem na Semana Rural 2026 - Semana Rural 2026<\/title>\n<meta name=\"robots\" content=\"index, follow, max-snippet:-1, max-image-preview:large, max-video-preview:-1\" \/>\n<link rel=\"canonical\" href=\"https:\/\/semanarural.ufrrj.br\/2026\/resultado-preliminar-do-edital-no32-2026-selecao-de-discentes-para-atuarem-na-semana-rural-2026\/\" \/>\n<meta property=\"og:locale\" content=\"pt_BR\" \/>\n<meta property=\"og:type\" content=\"article\" \/>\n<meta property=\"og:title\" content=\"Resultado Preliminar do Edital n\u00ba32\/2026 - Sele\u00e7\u00e3o de discentes para atuarem na Semana Rural 2026 - Semana Rural 2026\" \/>\n<meta property=\"og:description\" content=\"A comiss\u00e3o organizadora torna p\u00fablico o resultado preliminar do edital n\u00ba32\/2026. Minifazenda Organiza\u00e7\u00e3o e Log\u00edstica Torneios Espotivos\" \/>\n<meta property=\"og:url\" content=\"https:\/\/semanarural.ufrrj.br\/2026\/resultado-preliminar-do-edital-no32-2026-selecao-de-discentes-para-atuarem-na-semana-rural-2026\/\" \/>\n<meta property=\"og:site_name\" content=\"Semana Rural 2026\" \/>\n<meta property=\"article:publisher\" content=\"https:\/\/www.facebook.com\/profile.php?id=100092434855415\" \/>\n<meta property=\"article:published_time\" content=\"2026-04-27T22:35:01+00:00\" \/>\n<meta property=\"article:modified_time\" content=\"2026-04-28T01:44:01+00:00\" \/>\n<meta property=\"og:image\" content=\"https:\/\/semanarural.ufrrj.br\/2026\/wp-content\/uploads\/sites\/5\/2026\/03\/semana_rural2026_cor_V_azul.png\" \/>\n\t<meta property=\"og:image:width\" content=\"1182\" \/>\n\t<meta property=\"og:image:height\" content=\"1182\" \/>\n\t<meta property=\"og:image:type\" content=\"image\/png\" \/>\n<meta name=\"author\" content=\"marcellagcosta\" \/>\n<meta name=\"twitter:card\" content=\"summary_large_image\" \/>\n<meta name=\"twitter:label1\" content=\"Escrito por\" \/>\n\t<meta name=\"twitter:data1\" content=\"marcellagcosta\" \/>\n\t<meta name=\"twitter:label2\" content=\"Est. tempo de leitura\" \/>\n\t<meta name=\"twitter:data2\" content=\"1 minuto\" \/>\n<script type=\"application\/ld+json\" class=\"yoast-schema-graph\">{\"@context\":\"https:\/\/schema.org\",\"@graph\":[{\"@type\":\"Article\",\"@id\":\"https:\/\/semanarural.ufrrj.br\/2026\/resultado-preliminar-do-edital-no32-2026-selecao-de-discentes-para-atuarem-na-semana-rural-2026\/#article\",\"isPartOf\":{\"@id\":\"https:\/\/semanarural.ufrrj.br\/2026\/resultado-preliminar-do-edital-no32-2026-selecao-de-discentes-para-atuarem-na-semana-rural-2026\/\"},\"author\":{\"name\":\"marcellagcosta\",\"@id\":\"https:\/\/semanarural.ufrrj.br\/2026\/#\/schema\/person\/0c416dafab6d508ed14c02caab0b4338\"},\"headline\":\"Resultado Preliminar do Edital n\u00ba32\/2026 &#8211; Sele\u00e7\u00e3o de discentes para atuarem na Semana Rural 2026\",\"datePublished\":\"2026-04-27T22:35:01+00:00\",\"dateModified\":\"2026-04-28T01:44:01+00:00\",\"mainEntityOfPage\":{\"@id\":\"https:\/\/semanarural.ufrrj.br\/2026\/resultado-preliminar-do-edital-no32-2026-selecao-de-discentes-para-atuarem-na-semana-rural-2026\/\"},\"wordCount\":36,\"image\":{\"@id\":\"https:\/\/semanarural.ufrrj.br\/2026\/resultado-preliminar-do-edital-no32-2026-selecao-de-discentes-para-atuarem-na-semana-rural-2026\/#primaryimage\"},\"thumbnailUrl\":\"https:\/\/semanarural.ufrrj.br\/2026\/wp-content\/uploads\/sites\/5\/2026\/03\/semana_rural2026_cor_V_azul.png\",\"articleSection\":[\"Not\u00edcia\"],\"inLanguage\":\"pt-BR\"},{\"@type\":\"WebPage\",\"@id\":\"https:\/\/semanarural.ufrrj.br\/2026\/resultado-preliminar-do-edital-no32-2026-selecao-de-discentes-para-atuarem-na-semana-rural-2026\/\",\"url\":\"https:\/\/semanarural.ufrrj.br\/2026\/resultado-preliminar-do-edital-no32-2026-selecao-de-discentes-para-atuarem-na-semana-rural-2026\/\",\"name\":\"Resultado Preliminar do Edital n\u00ba32\/2026 - Sele\u00e7\u00e3o de discentes para atuarem na Semana Rural 2026 - Semana Rural 2026\",\"isPartOf\":{\"@id\":\"https:\/\/semanarural.ufrrj.br\/2026\/#website\"},\"primaryImageOfPage\":{\"@id\":\"https:\/\/semanarural.ufrrj.br\/2026\/resultado-preliminar-do-edital-no32-2026-selecao-de-discentes-para-atuarem-na-semana-rural-2026\/#primaryimage\"},\"image\":{\"@id\":\"https:\/\/semanarural.ufrrj.br\/2026\/resultado-preliminar-do-edital-no32-2026-selecao-de-discentes-para-atuarem-na-semana-rural-2026\/#primaryimage\"},\"thumbnailUrl\":\"https:\/\/semanarural.ufrrj.br\/2026\/wp-content\/uploads\/sites\/5\/2026\/03\/semana_rural2026_cor_V_azul.png\",\"datePublished\":\"2026-04-27T22:35:01+00:00\",\"dateModified\":\"2026-04-28T01:44:01+00:00\",\"author\":{\"@id\":\"https:\/\/semanarural.ufrrj.br\/2026\/#\/schema\/person\/0c416dafab6d508ed14c02caab0b4338\"},\"breadcrumb\":{\"@id\":\"https:\/\/semanarural.ufrrj.br\/2026\/resultado-preliminar-do-edital-no32-2026-selecao-de-discentes-para-atuarem-na-semana-rural-2026\/#breadcrumb\"},\"inLanguage\":\"pt-BR\",\"potentialAction\":[{\"@type\":\"ReadAction\",\"target\":[\"https:\/\/semanarural.ufrrj.br\/2026\/resultado-preliminar-do-edital-no32-2026-selecao-de-discentes-para-atuarem-na-semana-rural-2026\/\"]}]},{\"@type\":\"ImageObject\",\"inLanguage\":\"pt-BR\",\"@id\":\"https:\/\/semanarural.ufrrj.br\/2026\/resultado-preliminar-do-edital-no32-2026-selecao-de-discentes-para-atuarem-na-semana-rural-2026\/#primaryimage\",\"url\":\"https:\/\/semanarural.ufrrj.br\/2026\/wp-content\/uploads\/sites\/5\/2026\/03\/semana_rural2026_cor_V_azul.png\",\"contentUrl\":\"https:\/\/semanarural.ufrrj.br\/2026\/wp-content\/uploads\/sites\/5\/2026\/03\/semana_rural2026_cor_V_azul.png\",\"width\":1182,\"height\":1182},{\"@type\":\"BreadcrumbList\",\"@id\":\"https:\/\/semanarural.ufrrj.br\/2026\/resultado-preliminar-do-edital-no32-2026-selecao-de-discentes-para-atuarem-na-semana-rural-2026\/#breadcrumb\",\"itemListElement\":[{\"@type\":\"ListItem\",\"position\":1,\"name\":\"In\u00edcio\",\"item\":\"https:\/\/semanarural.ufrrj.br\/2026\/\"},{\"@type\":\"ListItem\",\"position\":2,\"name\":\"Resultado Preliminar do Edital n\u00ba32\/2026 &#8211; Sele\u00e7\u00e3o de discentes para atuarem na Semana Rural 2026\"}]},{\"@type\":\"WebSite\",\"@id\":\"https:\/\/semanarural.ufrrj.br\/2026\/#website\",\"url\":\"https:\/\/semanarural.ufrrj.br\/2026\/\",\"name\":\"Semana Rural 2026\",\"description\":\"\",\"potentialAction\":[{\"@type\":\"SearchAction\",\"target\":{\"@type\":\"EntryPoint\",\"urlTemplate\":\"https:\/\/semanarural.ufrrj.br\/2026\/?s={search_term_string}\"},\"query-input\":{\"@type\":\"PropertyValueSpecification\",\"valueRequired\":true,\"valueName\":\"search_term_string\"}}],\"inLanguage\":\"pt-BR\"},{\"@type\":\"Person\",\"@id\":\"https:\/\/semanarural.ufrrj.br\/2026\/#\/schema\/person\/0c416dafab6d508ed14c02caab0b4338\",\"name\":\"marcellagcosta\",\"image\":{\"@type\":\"ImageObject\",\"inLanguage\":\"pt-BR\",\"@id\":\"https:\/\/secure.gravatar.com\/avatar\/9e99a98d0119e327a6056b06c1cd109afb9d9317575407f556dbf915c57896e4?s=96&d=mm&r=g\",\"url\":\"https:\/\/secure.gravatar.com\/avatar\/9e99a98d0119e327a6056b06c1cd109afb9d9317575407f556dbf915c57896e4?s=96&d=mm&r=g\",\"contentUrl\":\"https:\/\/secure.gravatar.com\/avatar\/9e99a98d0119e327a6056b06c1cd109afb9d9317575407f556dbf915c57896e4?s=96&d=mm&r=g\",\"caption\":\"marcellagcosta\"},\"url\":\"https:\/\/semanarural.ufrrj.br\/2026\/author\/marcellagcosta\/\"}]}<\/script>\n<!-- \/ Yoast SEO plugin. -->","yoast_head_json":{"title":"Resultado Preliminar do Edital n\u00ba32\/2026 - Sele\u00e7\u00e3o de discentes para atuarem na Semana Rural 2026 - Semana Rural 2026","robots":{"index":"index","follow":"follow","max-snippet":"max-snippet:-1","max-image-preview":"max-image-preview:large","max-video-preview":"max-video-preview:-1"},"canonical":"https:\/\/semanarural.ufrrj.br\/2026\/resultado-preliminar-do-edital-no32-2026-selecao-de-discentes-para-atuarem-na-semana-rural-2026\/","og_locale":"pt_BR","og_type":"article","og_title":"Resultado Preliminar do Edital n\u00ba32\/2026 - Sele\u00e7\u00e3o de discentes para atuarem na Semana Rural 2026 - Semana Rural 2026","og_description":"A comiss\u00e3o organizadora torna p\u00fablico o resultado preliminar do edital n\u00ba32\/2026. Minifazenda Organiza\u00e7\u00e3o e Log\u00edstica Torneios Espotivos","og_url":"https:\/\/semanarural.ufrrj.br\/2026\/resultado-preliminar-do-edital-no32-2026-selecao-de-discentes-para-atuarem-na-semana-rural-2026\/","og_site_name":"Semana Rural 2026","article_publisher":"https:\/\/www.facebook.com\/profile.php?id=100092434855415","article_published_time":"2026-04-27T22:35:01+00:00","article_modified_time":"2026-04-28T01:44:01+00:00","og_image":[{"width":1182,"height":1182,"url":"https:\/\/semanarural.ufrrj.br\/2026\/wp-content\/uploads\/sites\/5\/2026\/03\/semana_rural2026_cor_V_azul.png","type":"image\/png"}],"author":"marcellagcosta","twitter_card":"summary_large_image","twitter_misc":{"Escrito por":"marcellagcosta","Est. tempo de leitura":"1 minuto"},"schema":{"@context":"https:\/\/schema.org","@graph":[{"@type":"Article","@id":"https:\/\/semanarural.ufrrj.br\/2026\/resultado-preliminar-do-edital-no32-2026-selecao-de-discentes-para-atuarem-na-semana-rural-2026\/#article","isPartOf":{"@id":"https:\/\/semanarural.ufrrj.br\/2026\/resultado-preliminar-do-edital-no32-2026-selecao-de-discentes-para-atuarem-na-semana-rural-2026\/"},"author":{"name":"marcellagcosta","@id":"https:\/\/semanarural.ufrrj.br\/2026\/#\/schema\/person\/0c416dafab6d508ed14c02caab0b4338"},"headline":"Resultado Preliminar do Edital n\u00ba32\/2026 &#8211; Sele\u00e7\u00e3o de discentes para atuarem na Semana Rural 2026","datePublished":"2026-04-27T22:35:01+00:00","dateModified":"2026-04-28T01:44:01+00:00","mainEntityOfPage":{"@id":"https:\/\/semanarural.ufrrj.br\/2026\/resultado-preliminar-do-edital-no32-2026-selecao-de-discentes-para-atuarem-na-semana-rural-2026\/"},"wordCount":36,"image":{"@id":"https:\/\/semanarural.ufrrj.br\/2026\/resultado-preliminar-do-edital-no32-2026-selecao-de-discentes-para-atuarem-na-semana-rural-2026\/#primaryimage"},"thumbnailUrl":"https:\/\/semanarural.ufrrj.br\/2026\/wp-content\/uploads\/sites\/5\/2026\/03\/semana_rural2026_cor_V_azul.png","articleSection":["Not\u00edcia"],"inLanguage":"pt-BR"},{"@type":"WebPage","@id":"https:\/\/semanarural.ufrrj.br\/2026\/resultado-preliminar-do-edital-no32-2026-selecao-de-discentes-para-atuarem-na-semana-rural-2026\/","url":"https:\/\/semanarural.ufrrj.br\/2026\/resultado-preliminar-do-edital-no32-2026-selecao-de-discentes-para-atuarem-na-semana-rural-2026\/","name":"Resultado Preliminar do Edital n\u00ba32\/2026 - Sele\u00e7\u00e3o de discentes para atuarem na Semana Rural 2026 - Semana Rural 2026","isPartOf":{"@id":"https:\/\/semanarural.ufrrj.br\/2026\/#website"},"primaryImageOfPage":{"@id":"https:\/\/semanarural.ufrrj.br\/2026\/resultado-preliminar-do-edital-no32-2026-selecao-de-discentes-para-atuarem-na-semana-rural-2026\/#primaryimage"},"image":{"@id":"https:\/\/semanarural.ufrrj.br\/2026\/resultado-preliminar-do-edital-no32-2026-selecao-de-discentes-para-atuarem-na-semana-rural-2026\/#primaryimage"},"thumbnailUrl":"https:\/\/semanarural.ufrrj.br\/2026\/wp-content\/uploads\/sites\/5\/2026\/03\/semana_rural2026_cor_V_azul.png","datePublished":"2026-04-27T22:35:01+00:00","dateModified":"2026-04-28T01:44:01+00:00","author":{"@id":"https:\/\/semanarural.ufrrj.br\/2026\/#\/schema\/person\/0c416dafab6d508ed14c02caab0b4338"},"breadcrumb":{"@id":"https:\/\/semanarural.ufrrj.br\/2026\/resultado-preliminar-do-edital-no32-2026-selecao-de-discentes-para-atuarem-na-semana-rural-2026\/#breadcrumb"},"inLanguage":"pt-BR","potentialAction":[{"@type":"ReadAction","target":["https:\/\/semanarural.ufrrj.br\/2026\/resultado-preliminar-do-edital-no32-2026-selecao-de-discentes-para-atuarem-na-semana-rural-2026\/"]}]},{"@type":"ImageObject","inLanguage":"pt-BR","@id":"https:\/\/semanarural.ufrrj.br\/2026\/resultado-preliminar-do-edital-no32-2026-selecao-de-discentes-para-atuarem-na-semana-rural-2026\/#primaryimage","url":"https:\/\/semanarural.ufrrj.br\/2026\/wp-content\/uploads\/sites\/5\/2026\/03\/semana_rural2026_cor_V_azul.png","contentUrl":"https:\/\/semanarural.ufrrj.br\/2026\/wp-content\/uploads\/sites\/5\/2026\/03\/semana_rural2026_cor_V_azul.png","width":1182,"height":1182},{"@type":"BreadcrumbList","@id":"https:\/\/semanarural.ufrrj.br\/2026\/resultado-preliminar-do-edital-no32-2026-selecao-de-discentes-para-atuarem-na-semana-rural-2026\/#breadcrumb","itemListElement":[{"@type":"ListItem","position":1,"name":"In\u00edcio","item":"https:\/\/semanarural.ufrrj.br\/2026\/"},{"@type":"ListItem","position":2,"name":"Resultado Preliminar do Edital n\u00ba32\/2026 &#8211; Sele\u00e7\u00e3o de discentes para atuarem na Semana Rural 2026"}]},{"@type":"WebSite","@id":"https:\/\/semanarural.ufrrj.br\/2026\/#website","url":"https:\/\/semanarural.ufrrj.br\/2026\/","name":"Semana Rural 2026","description":"","potentialAction":[{"@type":"SearchAction","target":{"@type":"EntryPoint","urlTemplate":"https:\/\/semanarural.ufrrj.br\/2026\/?s={search_term_string}"},"query-input":{"@type":"PropertyValueSpecification","valueRequired":true,"valueName":"search_term_string"}}],"inLanguage":"pt-BR"},{"@type":"Person","@id":"https:\/\/semanarural.ufrrj.br\/2026\/#\/schema\/person\/0c416dafab6d508ed14c02caab0b4338","name":"marcellagcosta","image":{"@type":"ImageObject","inLanguage":"pt-BR","@id":"https:\/\/secure.gravatar.com\/avatar\/9e99a98d0119e327a6056b06c1cd109afb9d9317575407f556dbf915c57896e4?s=96&d=mm&r=g","url":"https:\/\/secure.gravatar.com\/avatar\/9e99a98d0119e327a6056b06c1cd109afb9d9317575407f556dbf915c57896e4?s=96&d=mm&r=g","contentUrl":"https:\/\/secure.gravatar.com\/avatar\/9e99a98d0119e327a6056b06c1cd109afb9d9317575407f556dbf915c57896e4?s=96&d=mm&r=g","caption":"marcellagcosta"},"url":"https:\/\/semanarural.ufrrj.br\/2026\/author\/marcellagcosta\/"}]}},"_links":{"self":[{"href":"https:\/\/semanarural.ufrrj.br\/2026\/wp-json\/wp\/v2\/posts\/2279","targetHints":{"allow":["GET"]}}],"collection":[{"href":"https:\/\/semanarural.ufrrj.br\/2026\/wp-json\/wp\/v2\/posts"}],"about":[{"href":"https:\/\/semanarural.ufrrj.br\/2026\/wp-json\/wp\/v2\/types\/post"}],"author":[{"embeddable":true,"href":"https:\/\/semanarural.ufrrj.br\/2026\/wp-json\/wp\/v2\/users\/6"}],"replies":[{"embeddable":true,"href":"https:\/\/semanarural.ufrrj.br\/2026\/wp-json\/wp\/v2\/comments?post=2279"}],"version-history":[{"count":7,"href":"https:\/\/semanarural.ufrrj.br\/2026\/wp-json\/wp\/v2\/posts\/2279\/revisions"}],"predecessor-version":[{"id":2290,"href":"https:\/\/semanarural.ufrrj.br\/2026\/wp-json\/wp\/v2\/posts\/2279\/revisions\/2290"}],"wp:featuredmedia":[{"embeddable":true,"href":"https:\/\/semanarural.ufrrj.br\/2026\/wp-json\/wp\/v2\/media\/2107"}],"wp:attachment":[{"href":"https:\/\/semanarural.ufrrj.br\/2026\/wp-json\/wp\/v2\/media?parent=2279"}],"wp:term":[{"taxonomy":"category","embeddable":true,"href":"https:\/\/semanarural.ufrrj.br\/2026\/wp-json\/wp\/v2\/categories?post=2279"},{"taxonomy":"post_tag","embeddable":true,"href":"https:\/\/semanarural.ufrrj.br\/2026\/wp-json\/wp\/v2\/tags?post=2279"}],"curies":[{"name":"wp","href":"https:\/\/api.w.org\/{rel}","templated":true}]}}